{"id":31932,"date":"2022-07-18T15:51:40","date_gmt":"2022-07-18T13:51:40","guid":{"rendered":"http:\/\/centralmedia.rs\/?p=31932"},"modified":"2022-07-22T12:22:21","modified_gmt":"2022-07-22T10:22:21","slug":"koncerti-u-svilajncu","status":"publish","type":"post","link":"https:\/\/centralmedia.rs\/index.php\/2022\/07\/18\/koncerti-u-svilajncu\/","title":{"rendered":"KONCERTI U SVILAJNCU"},"content":{"rendered":"<p>SVILAJNAC- Kubalkanika je sino\u0107 odu\u0161evila publiku u Svilajncu. Intenzivan ritam, raznolik repertoar, koreografije i atraktivni kostimi puna dva sata dr\u017eali su pa\u017enju publike. Kulturno-zabavno leto 2022. u Svilajncu bi\u0107e nastavljeni u \u010detvrtak, 21. jula od 21 sat je koncert Sergeja \u0106etkovi\u0107a na Trgu Stevana Sin\u0111eli\u0107a. Protekle nedelje odr\u017eana je predstava \u00a0Ma\u0161to\u0161umske pitalice.<\/p>\n<div id='gallery-1' class='gallery galleryid-31932 gallery-columns-3 gallery-size-thumbnail'><figure class='gallery-item'>\n\t\t\t<div class='gallery-icon portrait'>\n\t\t\t\t<a href='https:\/\/centralmedia.rs\/index.php\/2022\/07\/18\/koncerti-u-svilajncu\/kuba\/'><img loading=\"lazy\" decoding=\"async\" width=\"150\" height=\"150\" src=\"https:\/\/centralmedia.rs\/wp-content\/uploads\/2022\/07\/kuba-150x150.jpg\" class=\"attachment-thumbnail size-thumbnail\" alt=\"\" \/><\/a>\n\t\t\t<\/div><\/figure><figure class='gallery-item'>\n\t\t\t<div class='gallery-icon landscape'>\n\t\t\t\t<a href='https:\/\/centralmedia.rs\/index.php\/2022\/07\/18\/koncerti-u-svilajncu\/kuba1\/'><img loading=\"lazy\" decoding=\"async\" width=\"150\" height=\"150\" src=\"https:\/\/centralmedia.rs\/wp-content\/uploads\/2022\/07\/kuba1-150x150.jpg\" class=\"attachment-thumbnail size-thumbnail\" alt=\"\" \/><\/a>\n\t\t\t<\/div><\/figure><figure class='gallery-item'>\n\t\t\t<div class='gallery-icon landscape'>\n\t\t\t\t<a href='https:\/\/centralmedia.rs\/index.php\/2022\/07\/18\/koncerti-u-svilajncu\/kuba2\/'><img loading=\"lazy\" decoding=\"async\" width=\"150\" height=\"150\" src=\"https:\/\/centralmedia.rs\/wp-content\/uploads\/2022\/07\/kuba2-150x150.jpg\" class=\"attachment-thumbnail size-thumbnail\" alt=\"\" \/><\/a>\n\t\t\t<\/div><\/figure>\n\t\t<\/div>\n\n","protected":false},"excerpt":{"rendered":"<p>SVILAJNAC- Kubalkanika je sino\u0107 odu\u0161evila publiku u Svilajncu. Intenzivan ritam, raznolik repertoar, koreografije i atraktivni kostimi puna dva sata dr\u017eali su pa\u017enju publike. Kulturno-zabavno leto &hellip; <\/p>\n","protected":false},"author":2,"featured_media":31933,"comment_status":"open","ping_status":"open","sticky":false,"template":"","format":"standard","meta":{"footnotes":""},"categories":[1524,2,23,887,5785,1517,3055],"tags":[1091,38],"_links":{"self":[{"href":"https:\/\/centralmedia.rs\/index.php\/wp-json\/wp\/v2\/posts\/31932"}],"collection":[{"href":"https:\/\/centralmedia.rs\/index.php\/wp-json\/wp\/v2\/posts"}],"about":[{"href":"https:\/\/centralmedia.rs\/index.php\/wp-json\/wp\/v2\/types\/post"}],"author":[{"embeddable":true,"href":"https:\/\/centralmedia.rs\/index.php\/wp-json\/wp\/v2\/users\/2"}],"replies":[{"embeddable":true,"href":"https:\/\/centralmedia.rs\/index.php\/wp-json\/wp\/v2\/comments?post=31932"}],"version-history":[{"count":1,"href":"https:\/\/centralmedia.rs\/index.php\/wp-json\/wp\/v2\/posts\/31932\/revisions"}],"predecessor-version":[{"id":31937,"href":"https:\/\/centralmedia.rs\/index.php\/wp-json\/wp\/v2\/posts\/31932\/revisions\/31937"}],"wp:featuredmedia":[{"embeddable":true,"href":"https:\/\/centralmedia.rs\/index.php\/wp-json\/wp\/v2\/media\/31933"}],"wp:attachment":[{"href":"https:\/\/centralmedia.rs\/index.php\/wp-json\/wp\/v2\/media?parent=31932"}],"wp:term":[{"taxonomy":"category","embeddable":true,"href":"https:\/\/centralmedia.rs\/index.php\/wp-json\/wp\/v2\/categories?post=31932"},{"taxonomy":"post_tag","embeddable":true,"href":"https:\/\/centralmedia.rs\/index.php\/wp-json\/wp\/v2\/tags?post=31932"}],"curies":[{"name":"wp","href":"https:\/\/api.w.org\/{rel}","templated":true}]}}