{"id":31938,"date":"2022-07-18T15:55:17","date_gmt":"2022-07-18T13:55:17","guid":{"rendered":"http:\/\/centralmedia.rs\/?p=31938"},"modified":"2022-07-22T12:22:11","modified_gmt":"2022-07-22T10:22:11","slug":"etno-festival-bela-crkva-u-beljajki-2","status":"publish","type":"post","link":"https:\/\/centralmedia.rs\/index.php\/2022\/07\/18\/etno-festival-bela-crkva-u-beljajki-2\/","title":{"rendered":"Etno Festival &#8220;Bela Crkva&#8221; u Beljajki"},"content":{"rendered":"<p>DESPOTOVAC- Posle nekoliko godina pauze u Beljaki kod Despotovca odr\u017ean je 11. Festival etno hrane i obi\u010daja ,, Bela crkva\u201d. Etno festival je opravdao o\u010dekivanja velikog broja posetilaca, prirpeman je \u010duveni ,,vla\u0161ki\u201d ka\u010damak, ali ostala jela iz ovog kraja. U\u010destvoali su u\u010denici kuvarstva iz \u0161kole u Desopotovcu.<\/p>\n<div id='gallery-1' class='gallery galleryid-31938 gallery-columns-4 gallery-size-thumbnail'><figure class='gallery-item'>\n\t\t\t<div class='gallery-icon portrait'>\n\t\t\t\t<a href='https:\/\/centralmedia.rs\/index.php\/2022\/07\/18\/etno-festival-bela-crkva-u-beljajki-2\/baljajka5\/'><img loading=\"lazy\" decoding=\"async\" width=\"150\" height=\"150\" src=\"https:\/\/centralmedia.rs\/wp-content\/uploads\/2022\/07\/baljajka5-150x150.jpg\" class=\"attachment-thumbnail size-thumbnail\" alt=\"\" \/><\/a>\n\t\t\t<\/div><\/figure><figure class='gallery-item'>\n\t\t\t<div class='gallery-icon portrait'>\n\t\t\t\t<a href='https:\/\/centralmedia.rs\/index.php\/2022\/07\/18\/etno-festival-bela-crkva-u-beljajki-2\/baljajka6\/'><img loading=\"lazy\" decoding=\"async\" width=\"150\" height=\"150\" src=\"https:\/\/centralmedia.rs\/wp-content\/uploads\/2022\/07\/baljajka6-150x150.jpg\" class=\"attachment-thumbnail size-thumbnail\" alt=\"\" \/><\/a>\n\t\t\t<\/div><\/figure><figure class='gallery-item'>\n\t\t\t<div class='gallery-icon landscape'>\n\t\t\t\t<a href='https:\/\/centralmedia.rs\/index.php\/2022\/07\/18\/etno-festival-bela-crkva-u-beljajki-2\/beljajka2\/'><img loading=\"lazy\" decoding=\"async\" width=\"150\" height=\"150\" src=\"https:\/\/centralmedia.rs\/wp-content\/uploads\/2022\/07\/beljajka2-150x150.jpg\" class=\"attachment-thumbnail size-thumbnail\" alt=\"\" \/><\/a>\n\t\t\t<\/div><\/figure><figure class='gallery-item'>\n\t\t\t<div class='gallery-icon landscape'>\n\t\t\t\t<a href='https:\/\/centralmedia.rs\/index.php\/2022\/07\/18\/etno-festival-bela-crkva-u-beljajki-2\/beljajka3-2\/'><img loading=\"lazy\" decoding=\"async\" width=\"150\" height=\"150\" src=\"https:\/\/centralmedia.rs\/wp-content\/uploads\/2022\/07\/beljajka3-1-150x150.jpg\" class=\"attachment-thumbnail size-thumbnail\" alt=\"\" \/><\/a>\n\t\t\t<\/div><\/figure>\n\t\t<\/div>\n\n","protected":false},"excerpt":{"rendered":"<p>DESPOTOVAC- Posle nekoliko godina pauze u Beljaki kod Despotovca odr\u017ean je 11. Festival etno hrane i obi\u010daja ,, Bela crkva\u201d. Etno festival je opravdao o\u010dekivanja &hellip; <\/p>\n","protected":false},"author":2,"featured_media":31939,"comment_status":"open","ping_status":"open","sticky":false,"template":"","format":"standard","meta":{"footnotes":""},"categories":[1518,5786,1524,2,23,887,3055],"tags":[997,5886,5897],"_links":{"self":[{"href":"https:\/\/centralmedia.rs\/index.php\/wp-json\/wp\/v2\/posts\/31938"}],"collection":[{"href":"https:\/\/centralmedia.rs\/index.php\/wp-json\/wp\/v2\/posts"}],"about":[{"href":"https:\/\/centralmedia.rs\/index.php\/wp-json\/wp\/v2\/types\/post"}],"author":[{"embeddable":true,"href":"https:\/\/centralmedia.rs\/index.php\/wp-json\/wp\/v2\/users\/2"}],"replies":[{"embeddable":true,"href":"https:\/\/centralmedia.rs\/index.php\/wp-json\/wp\/v2\/comments?post=31938"}],"version-history":[{"count":1,"href":"https:\/\/centralmedia.rs\/index.php\/wp-json\/wp\/v2\/posts\/31938\/revisions"}],"predecessor-version":[{"id":31944,"href":"https:\/\/centralmedia.rs\/index.php\/wp-json\/wp\/v2\/posts\/31938\/revisions\/31944"}],"wp:featuredmedia":[{"embeddable":true,"href":"https:\/\/centralmedia.rs\/index.php\/wp-json\/wp\/v2\/media\/31939"}],"wp:attachment":[{"href":"https:\/\/centralmedia.rs\/index.php\/wp-json\/wp\/v2\/media?parent=31938"}],"wp:term":[{"taxonomy":"category","embeddable":true,"href":"https:\/\/centralmedia.rs\/index.php\/wp-json\/wp\/v2\/categories?post=31938"},{"taxonomy":"post_tag","embeddable":true,"href":"https:\/\/centralmedia.rs\/index.php\/wp-json\/wp\/v2\/tags?post=31938"}],"curies":[{"name":"wp","href":"https:\/\/api.w.org\/{rel}","templated":true}]}}