{"id":3194,"date":"2016-05-26T17:40:06","date_gmt":"2016-05-26T17:40:06","guid":{"rendered":"http:\/\/centralmedia.rs\/?p=3194"},"modified":"2017-01-20T02:12:31","modified_gmt":"2017-01-20T02:12:31","slug":"paracinska-opozicija-zbija-redove","status":"publish","type":"post","link":"https:\/\/centralmedia.rs\/index.php\/2016\/05\/26\/paracinska-opozicija-zbija-redove\/","title":{"rendered":"PARA\u0106INSKA OPOZICIJA ZBIJA REDOVE"},"content":{"rendered":"<p>PARA\u0106IN-Odbornici GG Novi koncept, SPS-JS i Forum privrednika formirali su Odborni\u010dku grupu Para\u0107in &#8211; na\u0161 grad sa 10 odbornika sa ciljem da opoziciono nastupaju protiv akutelne vlasti koju predvodi predsednik op\u0161tine Sa\u0161a Paunovi\u0107, a \u010dini je koalicija DS, Svi za Para\u0107in i Pokret za selo i grad. Oni zahtevaju transparentniji rad skup\u0161tine, ja\u010danje ekonomije kroz privla\u010denje investicija, ulaganje u turizam, reformu obrazovanja i zdravstva, posve\u0107ivanje vi\u0161e pa\u017enje poljoprivredi i kulturi.<a href=\"https:\/\/centralmedia.rs\/wp-content\/uploads\/2016\/05\/opozicija-paracin-paracin-g.j.-2.jpg\"><img loading=\"lazy\" decoding=\"async\" class=\"alignnone size-medium wp-image-3196\" src=\"https:\/\/centralmedia.rs\/wp-content\/uploads\/2016\/05\/opozicija-paracin-paracin-g.j.-2-300x225.jpg\" alt=\"opozicija paracin-paracin-g.j. (2)\" width=\"300\" height=\"225\" srcset=\"https:\/\/centralmedia.rs\/wp-content\/uploads\/2016\/05\/opozicija-paracin-paracin-g.j.-2-300x225.jpg 300w, https:\/\/centralmedia.rs\/wp-content\/uploads\/2016\/05\/opozicija-paracin-paracin-g.j.-2-768x576.jpg 768w, https:\/\/centralmedia.rs\/wp-content\/uploads\/2016\/05\/opozicija-paracin-paracin-g.j.-2-80x60.jpg 80w, https:\/\/centralmedia.rs\/wp-content\/uploads\/2016\/05\/opozicija-paracin-paracin-g.j.-2-265x198.jpg 265w, https:\/\/centralmedia.rs\/wp-content\/uploads\/2016\/05\/opozicija-paracin-paracin-g.j.-2.jpg 900w\" sizes=\"(max-width: 300px) 100vw, 300px\" \/><\/a><br \/>\nTim povodom GG Novi koncept u saop\u0161tenju navodi da je ta OG druga po snazi u lokalnom parlamentu, kao i da \u0107e se zalagati za radio i TV prenose zasedanja skup\u0161tine. Novi koncept je isklju\u010duje svaku mogu\u0107nost podr\u0161ke Paunovi\u0107 u ,,zaokru\u017eivanju u dvadesetogodi\u0161nje vladavine\u201d, te da \u0107e OG Para\u0107in na\u0161 grad ,,biti sto\u017eer okupljanja svih misle\u0107ih ljudi koji \u017eele razvijenu i privredno jaku op\u0161tinu u kojoj \u0107e da se razvijaju kultura, obrazovanje i sport, a ne nabildovani momci koji \u010duvaju svoje politi\u010dke mentore od golorukog i gladnog naroda\u201d.<br \/>\nKao razlog za okupljanje opozicije iz Novog koncepta navode da se sednice SO organizuju u maloj sali op\u0161tine i zato \u0161to nabildovabi ,,magarci\u201d stoje ispred vrata i mrko gledaju odbornike.<br \/>\n-Zato \u0161to imamo \u010dlanove Op\u0161tinskog ve\u0107a koji jo\u0161 uvek nemaju resore a primaju plate, zato \u0161to se svakodnevno vr\u0161i pritisak na odbornike da pristupe vladaju\u0107oj ve\u0107ini, zato \u0161to vlast beskrupulozno \u0161iri neistine i obmanjuje javnost u vezi rada opozicije, zato \u0161to su postavljeni najnekompetentniji ljudi na lokalnim funkcijama, zato \u0161to je neistina da u Para\u0107in dolazi velika investicija &#8230; Treba li jo\u0161 ne\u0161to da navedemo?, pitaju se u Novom konceptu i dodaju da su re\u0161eni da se bore protiv takve nelegitimne vlasti i da ne popuste pod pritiskom i ucenama.<br \/>\nAli u Novom konceptu iskazuju i spremnost da podr\u017ee ,,svaki predlog od koga \u0107e gra\u0111ani imati korist, kao i za svako kvalitetno kadrovsko re\u0161enje\u201d.<br \/>\n&#8211; Spremni smo ovo u otvorenom razgovoru, koji bi bio medijski propra\u0107en, da saop\u0161timo i predsedniku op\u0161tine kao i da mu ponudimo re\u0161enje za upo\u0161ljavanje minimum 400 Para\u0107inaca u narednih godinu dana&#8230; Obe\u0107ali smo da ne\u0107emo u vlast po svaku cenu i to smo ispunili, obe\u0107ali smo da \u0107emo biti najaktivnija konstruktivna opozicija u SO Para\u0107in i to uspe\u0161no sprovodimo. Sada obe\u0107avamo da cemo biti sto\u017eer opozicije i to \u0107emo da budemo, zaklju\u010de se u saop\u0161tenju Novog koncepta.<\/p>\n","protected":false},"excerpt":{"rendered":"<p>PARA\u0106IN-Odbornici GG Novi koncept, SPS-JS i Forum privrednika formirali su Odborni\u010dku grupu Para\u0107in &#8211; na\u0161 grad sa 10 odbornika sa ciljem da opoziciono nastupaju protiv &hellip; <\/p>\n","protected":false},"author":4,"featured_media":3195,"comment_status":"open","ping_status":"open","sticky":false,"template":"","format":"standard","meta":{"footnotes":""},"categories":[1524,2,1516,13,887,12],"tags":[824,826,825],"_links":{"self":[{"href":"https:\/\/centralmedia.rs\/index.php\/wp-json\/wp\/v2\/posts\/3194"}],"collection":[{"href":"https:\/\/centralmedia.rs\/index.php\/wp-json\/wp\/v2\/posts"}],"about":[{"href":"https:\/\/centralmedia.rs\/index.php\/wp-json\/wp\/v2\/types\/post"}],"author":[{"embeddable":true,"href":"https:\/\/centralmedia.rs\/index.php\/wp-json\/wp\/v2\/users\/4"}],"replies":[{"embeddable":true,"href":"https:\/\/centralmedia.rs\/index.php\/wp-json\/wp\/v2\/comments?post=3194"}],"version-history":[{"count":0,"href":"https:\/\/centralmedia.rs\/index.php\/wp-json\/wp\/v2\/posts\/3194\/revisions"}],"wp:featuredmedia":[{"embeddable":true,"href":"https:\/\/centralmedia.rs\/index.php\/wp-json\/wp\/v2\/media\/3195"}],"wp:attachment":[{"href":"https:\/\/centralmedia.rs\/index.php\/wp-json\/wp\/v2\/media?parent=3194"}],"wp:term":[{"taxonomy":"category","embeddable":true,"href":"https:\/\/centralmedia.rs\/index.php\/wp-json\/wp\/v2\/categories?post=3194"},{"taxonomy":"post_tag","embeddable":true,"href":"https:\/\/centralmedia.rs\/index.php\/wp-json\/wp\/v2\/tags?post=3194"}],"curies":[{"name":"wp","href":"https:\/\/api.w.org\/{rel}","templated":true}]}}