{"id":31957,"date":"2022-07-21T01:50:51","date_gmt":"2022-07-20T23:50:51","guid":{"rendered":"http:\/\/centralmedia.rs\/?p=31957"},"modified":"2022-07-22T14:06:23","modified_gmt":"2022-07-22T12:06:23","slug":"ivica-dacic-i-dragan-markovic-palma-na-konsultacijama-kod-predsednika-republike-srbije-aleksandra-vucica","status":"publish","type":"post","link":"https:\/\/centralmedia.rs\/index.php\/2022\/07\/21\/ivica-dacic-i-dragan-markovic-palma-na-konsultacijama-kod-predsednika-republike-srbije-aleksandra-vucica\/","title":{"rendered":"IVICA DA\u010cI\u0106 I DRAGAN MARKOVI\u0106 PALMA NA KONSULTACIJAMA KOD PREDSEDNIKA REPUBLIKE SRBIJE ALEKSANDRA VU\u010cI\u0106A"},"content":{"rendered":"<p>JAGODINA- U zgradi Predsedni\u0161tva Republike Srbije odr\u017eane su konsultacije koalicije SPS &#8211; JEDINSTVENA SRBIJA &#8211; ZELENI SRBIJE sa predsednikom Republike Srbije Aleksandrom Vu\u010di\u0107em o konstituisanju Narodne Skup\u0161tine Republike Srbije i nove Vlade Republike Srbije.<\/p>\n<p>Na sastanku je postignut visok nivo saglasnosti o me\u0111usobnim odnosima i nastavku saradnje u narednom periodu, a lista SPS je spremna da bude deo politi\u010dke jedinstvenosti i stabilnosti u Srbiji.<\/p>\n<p>Koalicija SPS &#8211; JS &#8211; ZS smatra da delimo zajedni\u010dke politi\u010dke ciljeve kad je re\u010d o budu\u0107nosti Srbije i da smo spremni na dalju saradnju. Dogovoreno je da se konsultacije nastave narednih dana.<\/p>\n<p>Konstituisanje Narodne Skup\u0161tine Republike Srbije o\u010dekuje se tokom naredne nedelje.<\/p>\n","protected":false},"excerpt":{"rendered":"<p>JAGODINA- U zgradi Predsedni\u0161tva Republike Srbije odr\u017eane su konsultacije koalicije SPS &#8211; JEDINSTVENA SRBIJA &#8211; ZELENI SRBIJE sa predsednikom Republike Srbije Aleksandrom Vu\u010di\u0107em o konstituisanju &hellip; <\/p>\n","protected":false},"author":2,"featured_media":31958,"comment_status":"open","ping_status":"open","sticky":false,"template":"","format":"standard","meta":{"footnotes":""},"categories":[1524,2,1514,5643,13,887,12],"tags":[393,5899,120,4788],"_links":{"self":[{"href":"https:\/\/centralmedia.rs\/index.php\/wp-json\/wp\/v2\/posts\/31957"}],"collection":[{"href":"https:\/\/centralmedia.rs\/index.php\/wp-json\/wp\/v2\/posts"}],"about":[{"href":"https:\/\/centralmedia.rs\/index.php\/wp-json\/wp\/v2\/types\/post"}],"author":[{"embeddable":true,"href":"https:\/\/centralmedia.rs\/index.php\/wp-json\/wp\/v2\/users\/2"}],"replies":[{"embeddable":true,"href":"https:\/\/centralmedia.rs\/index.php\/wp-json\/wp\/v2\/comments?post=31957"}],"version-history":[{"count":1,"href":"https:\/\/centralmedia.rs\/index.php\/wp-json\/wp\/v2\/posts\/31957\/revisions"}],"predecessor-version":[{"id":31959,"href":"https:\/\/centralmedia.rs\/index.php\/wp-json\/wp\/v2\/posts\/31957\/revisions\/31959"}],"wp:featuredmedia":[{"embeddable":true,"href":"https:\/\/centralmedia.rs\/index.php\/wp-json\/wp\/v2\/media\/31958"}],"wp:attachment":[{"href":"https:\/\/centralmedia.rs\/index.php\/wp-json\/wp\/v2\/media?parent=31957"}],"wp:term":[{"taxonomy":"category","embeddable":true,"href":"https:\/\/centralmedia.rs\/index.php\/wp-json\/wp\/v2\/categories?post=31957"},{"taxonomy":"post_tag","embeddable":true,"href":"https:\/\/centralmedia.rs\/index.php\/wp-json\/wp\/v2\/tags?post=31957"}],"curies":[{"name":"wp","href":"https:\/\/api.w.org\/{rel}","templated":true}]}}