{"id":3198,"date":"2016-05-26T17:45:57","date_gmt":"2016-05-26T17:45:57","guid":{"rendered":"http:\/\/centralmedia.rs\/?p=3198"},"modified":"2016-05-26T17:45:57","modified_gmt":"2016-05-26T17:45:57","slug":"hiljadu-radnika-napusta-fabriku-kablova","status":"publish","type":"post","link":"https:\/\/centralmedia.rs\/index.php\/2016\/05\/26\/hiljadu-radnika-napusta-fabriku-kablova\/","title":{"rendered":"HILJADU RADNIKA NAPU\u0160TA FABRIKU KABLOVA"},"content":{"rendered":"<p>JAGODINA-Posle masovnog izja\u0161njavanja za dobrovoljni odlazak i prihvatanje otpremnine, u Fabrici kablova zapo\u010deta animiranja radnika da povuku potpise sa liste za socijalni programa, potvr\u0111uju sindikalici u tom predreuze\u0107u. Blizu hiljadu zaposlenih od 1.150 prijavilo se za taj program. Kako saznajemo, Fabrika kablova nije jo\u0161 uvek predala predlog za Unapred pripremljeni program reogranizacije-UPPR, kao ni spiskove za otpremnine posle izja\u0161njavanja zaposlenih.<br \/>\n\t-Dobili smo obe\u0107anje dr\u017eave da \u0107e nam omogu\u0107iti jo\u0161 jedan ,,krug\u201c  socijalnog programa za tri meseca, kada bi u Privrednom sudu u Kragujevcu trebalo da se usvoji UPPR. Sada se sprovodi akcija povla\u010denja potpisa, ka\u017eu sindikalci.<br \/>\nZa primenu UPPR potrebno je 650 radnika, ali ako se primeni socijalni program u Fabrici kablova osta\u0107e blizu 200 radnika sa nepovoljnom kvalifikacionom struktirom. Re\u010d je o zaposlenima koji ne ispunjavaju uslove da se prijave socijalni program. Pro\u0161le nedelja direktori najve\u0107ih celina formirali su Inicijativni odbor za smenu direktora Ratka Vu\u010durovi\u0107a.<br \/>\n\t-Oko 500 radnika je svojim potpisom podr\u017ealo na\u0161u inicijatu, ali dr\u017eava ka\u017ee ne \u017eeli da re\u0161ava unutra\u0161nje stvari u Kablovima, dok sa druge strane  preduze\u0107e ne funkcioni\u0161e i potpuno je u kolapsu. Kakav kredibilitet ima \u010dovek, koji ve\u0107 14 godina vodi Kablove, da ponovo dobije da poverenje i izvu\u010de preduze\u0107e iz krize. Kakav moral krasi tog \u010doveka, ka\u017ee biv\u0161i izvr\u0161ni direktor Slavko Vuj\u010di\u0107, koji je smenjen posle pokretanja inicijative.<br \/>\nOn navodi da ima saznjanja da je poslovo\u0111ama nu\u0111eno po 100.000 dinara ukoliko prikupe desetoro zainteresovanih radnika da se povuku sa liste za otpremninu.   Iz sindikata Sloga saop\u0161tavaju da su \u010dlanovi tog sindikata bili ,,primorani\u201c da povuku tu\u017ebe za naknadu putnih tro\u0161kova kako bi mogli da se prijave za socijalni program.<\/p>\n","protected":false},"excerpt":{"rendered":"<p>JAGODINA-Posle masovnog izja\u0161njavanja za dobrovoljni odlazak i prihvatanje otpremnine, u Fabrici kablova zapo\u010deta animiranja radnika da povuku potpise sa liste za socijalni programa, potvr\u0111uju sindikalici &hellip; <\/p>\n","protected":false},"author":4,"featured_media":3199,"comment_status":"open","ping_status":"open","sticky":false,"template":"","format":"standard","meta":{"footnotes":""},"categories":[22,2,12],"tags":[368,58,510],"_links":{"self":[{"href":"https:\/\/centralmedia.rs\/index.php\/wp-json\/wp\/v2\/posts\/3198"}],"collection":[{"href":"https:\/\/centralmedia.rs\/index.php\/wp-json\/wp\/v2\/posts"}],"about":[{"href":"https:\/\/centralmedia.rs\/index.php\/wp-json\/wp\/v2\/types\/post"}],"author":[{"embeddable":true,"href":"https:\/\/centralmedia.rs\/index.php\/wp-json\/wp\/v2\/users\/4"}],"replies":[{"embeddable":true,"href":"https:\/\/centralmedia.rs\/index.php\/wp-json\/wp\/v2\/comments?post=3198"}],"version-history":[{"count":0,"href":"https:\/\/centralmedia.rs\/index.php\/wp-json\/wp\/v2\/posts\/3198\/revisions"}],"wp:featuredmedia":[{"embeddable":true,"href":"https:\/\/centralmedia.rs\/index.php\/wp-json\/wp\/v2\/media\/3199"}],"wp:attachment":[{"href":"https:\/\/centralmedia.rs\/index.php\/wp-json\/wp\/v2\/media?parent=3198"}],"wp:term":[{"taxonomy":"category","embeddable":true,"href":"https:\/\/centralmedia.rs\/index.php\/wp-json\/wp\/v2\/categories?post=3198"},{"taxonomy":"post_tag","embeddable":true,"href":"https:\/\/centralmedia.rs\/index.php\/wp-json\/wp\/v2\/tags?post=3198"}],"curies":[{"name":"wp","href":"https:\/\/api.w.org\/{rel}","templated":true}]}}