{"id":31981,"date":"2022-07-22T12:54:20","date_gmt":"2022-07-22T10:54:20","guid":{"rendered":"http:\/\/centralmedia.rs\/?p=31981"},"modified":"2022-07-25T07:50:40","modified_gmt":"2022-07-25T05:50:40","slug":"tradicionalno-obelezen-sveti-prokopije","status":"publish","type":"post","link":"https:\/\/centralmedia.rs\/index.php\/2022\/07\/22\/tradicionalno-obelezen-sveti-prokopije\/","title":{"rendered":"TRADICIONALNO OBELE\u017dEN SVETI PROKOPIJE"},"content":{"rendered":"<p>DESPOTOVAC- U Senjskom Rudniku tradicionalno je obele\u017eena rudarska slava Sv. Prokopije.<\/p>\n<div id='gallery-1' class='gallery galleryid-31981 gallery-columns-3 gallery-size-thumbnail'><figure class='gallery-item'>\n\t\t\t<div class='gallery-icon portrait'>\n\t\t\t\t<a href='https:\/\/centralmedia.rs\/index.php\/2022\/07\/22\/tradicionalno-obelezen-sveti-prokopije\/prokopije\/'><img loading=\"lazy\" decoding=\"async\" width=\"150\" height=\"150\" src=\"https:\/\/centralmedia.rs\/wp-content\/uploads\/2022\/07\/prokopije-150x150.jpg\" class=\"attachment-thumbnail size-thumbnail\" alt=\"\" \/><\/a>\n\t\t\t<\/div><\/figure><figure class='gallery-item'>\n\t\t\t<div class='gallery-icon landscape'>\n\t\t\t\t<a href='https:\/\/centralmedia.rs\/index.php\/2022\/07\/22\/tradicionalno-obelezen-sveti-prokopije\/prokopije2\/'><img loading=\"lazy\" decoding=\"async\" width=\"150\" height=\"150\" src=\"https:\/\/centralmedia.rs\/wp-content\/uploads\/2022\/07\/prokopije2-150x150.jpg\" class=\"attachment-thumbnail size-thumbnail\" alt=\"\" \/><\/a>\n\t\t\t<\/div><\/figure><figure class='gallery-item'>\n\t\t\t<div class='gallery-icon landscape'>\n\t\t\t\t<a href='https:\/\/centralmedia.rs\/index.php\/2022\/07\/22\/tradicionalno-obelezen-sveti-prokopije\/prokopije1\/'><img loading=\"lazy\" decoding=\"async\" width=\"150\" height=\"150\" src=\"https:\/\/centralmedia.rs\/wp-content\/uploads\/2022\/07\/prokopije1-150x150.jpg\" class=\"attachment-thumbnail size-thumbnail\" alt=\"\" \/><\/a>\n\t\t\t<\/div><\/figure>\n\t\t<\/div>\n\n<p>Sve\u010danost je obele\u017eena u prisustvu direktora i rukovodstva JPPEU Resavica, RMU Rembas Resavica, predstavnika sindikata, in\u017eenjera, radnika, predstavnika lokalne samouprave, i me\u0161tana Senjskog Rudnika.<\/p>\n<p>Prigodan kulturno-umetni\u010dki program prezentovali su \u010dlanovi KUD-a &#8220;Branislav Nu\u0161i\u0107&#8221; iz Resavice.<\/p>\n<p>Svim rudarima i me\u0161tanima Senjskog Rudnika \u010destitamo slavu uz rudarski pozdrav SRE\u0106NO!<\/p>\n","protected":false},"excerpt":{"rendered":"<p>DESPOTOVAC- U Senjskom Rudniku tradicionalno je obele\u017eena rudarska slava Sv. Prokopije. Sve\u010danost je obele\u017eena u prisustvu direktora i rukovodstva JPPEU Resavica, RMU Rembas Resavica, predstavnika &hellip; <\/p>\n","protected":false},"author":2,"featured_media":31982,"comment_status":"open","ping_status":"open","sticky":false,"template":"","format":"standard","meta":{"footnotes":""},"categories":[1518,5786,14,1524,2,887,12],"tags":[51,590,1006],"_links":{"self":[{"href":"https:\/\/centralmedia.rs\/index.php\/wp-json\/wp\/v2\/posts\/31981"}],"collection":[{"href":"https:\/\/centralmedia.rs\/index.php\/wp-json\/wp\/v2\/posts"}],"about":[{"href":"https:\/\/centralmedia.rs\/index.php\/wp-json\/wp\/v2\/types\/post"}],"author":[{"embeddable":true,"href":"https:\/\/centralmedia.rs\/index.php\/wp-json\/wp\/v2\/users\/2"}],"replies":[{"embeddable":true,"href":"https:\/\/centralmedia.rs\/index.php\/wp-json\/wp\/v2\/comments?post=31981"}],"version-history":[{"count":1,"href":"https:\/\/centralmedia.rs\/index.php\/wp-json\/wp\/v2\/posts\/31981\/revisions"}],"predecessor-version":[{"id":31985,"href":"https:\/\/centralmedia.rs\/index.php\/wp-json\/wp\/v2\/posts\/31981\/revisions\/31985"}],"wp:featuredmedia":[{"embeddable":true,"href":"https:\/\/centralmedia.rs\/index.php\/wp-json\/wp\/v2\/media\/31982"}],"wp:attachment":[{"href":"https:\/\/centralmedia.rs\/index.php\/wp-json\/wp\/v2\/media?parent=31981"}],"wp:term":[{"taxonomy":"category","embeddable":true,"href":"https:\/\/centralmedia.rs\/index.php\/wp-json\/wp\/v2\/categories?post=31981"},{"taxonomy":"post_tag","embeddable":true,"href":"https:\/\/centralmedia.rs\/index.php\/wp-json\/wp\/v2\/tags?post=31981"}],"curies":[{"name":"wp","href":"https:\/\/api.w.org\/{rel}","templated":true}]}}