{"id":32030,"date":"2022-07-25T12:22:36","date_gmt":"2022-07-25T10:22:36","guid":{"rendered":"http:\/\/centralmedia.rs\/?p=32030"},"modified":"2022-08-01T14:25:04","modified_gmt":"2022-08-01T12:25:04","slug":"vera-matovic-na-gulasijadi-u-svilajncu","status":"publish","type":"post","link":"https:\/\/centralmedia.rs\/index.php\/2022\/07\/25\/vera-matovic-na-gulasijadi-u-svilajncu\/","title":{"rendered":"VERA MATOVI\u0106 NA GULA\u0160IJADI U SVILAJNCU"},"content":{"rendered":"<p>SVILAJNAC- GULA\u0160IJADA u Svilajncu odr\u017eava se 7. avgusta na prostoru kod silosa, a posetioce \u0107e uveseljavati Vera Matovi\u0107. Prijave ekipa su u toku i traju do 3. avgusta 2022. godine. Telefoni za prijave su: 035\/323-347, 065\/323-3477 i 064\/8912-619.<\/p>\n<div id='gallery-1' class='gallery galleryid-32030 gallery-columns-2 gallery-size-full'><figure class='gallery-item'>\n\t\t\t<div class='gallery-icon portrait'>\n\t\t\t\t<a href='https:\/\/centralmedia.rs\/index.php\/2022\/07\/25\/vera-matovic-na-gulasijadi-u-svilajncu\/gulsijada-2\/'><img loading=\"lazy\" decoding=\"async\" width=\"1136\" height=\"1600\" src=\"https:\/\/centralmedia.rs\/wp-content\/uploads\/2022\/07\/gulsijada-1.jpg\" class=\"attachment-full size-full\" alt=\"\" srcset=\"https:\/\/centralmedia.rs\/wp-content\/uploads\/2022\/07\/gulsijada-1.jpg 1136w, https:\/\/centralmedia.rs\/wp-content\/uploads\/2022\/07\/gulsijada-1-213x300.jpg 213w, https:\/\/centralmedia.rs\/wp-content\/uploads\/2022\/07\/gulsijada-1-768x1082.jpg 768w, https:\/\/centralmedia.rs\/wp-content\/uploads\/2022\/07\/gulsijada-1-727x1024.jpg 727w, https:\/\/centralmedia.rs\/wp-content\/uploads\/2022\/07\/gulsijada-1-298x420.jpg 298w, https:\/\/centralmedia.rs\/wp-content\/uploads\/2022\/07\/gulsijada-1-640x901.jpg 640w, https:\/\/centralmedia.rs\/wp-content\/uploads\/2022\/07\/gulsijada-1-681x959.jpg 681w\" sizes=\"(max-width: 1136px) 100vw, 1136px\" \/><\/a>\n\t\t\t<\/div><\/figure><figure class='gallery-item'>\n\t\t\t<div class='gallery-icon portrait'>\n\t\t\t\t<a href='https:\/\/centralmedia.rs\/index.php\/2022\/07\/25\/vera-matovic-na-gulasijadi-u-svilajncu\/gulasijada1-2\/'><img loading=\"lazy\" decoding=\"async\" width=\"1137\" height=\"1600\" src=\"https:\/\/centralmedia.rs\/wp-content\/uploads\/2022\/07\/gulasijada1.jpg\" class=\"attachment-full size-full\" alt=\"\" srcset=\"https:\/\/centralmedia.rs\/wp-content\/uploads\/2022\/07\/gulasijada1.jpg 1137w, https:\/\/centralmedia.rs\/wp-content\/uploads\/2022\/07\/gulasijada1-213x300.jpg 213w, https:\/\/centralmedia.rs\/wp-content\/uploads\/2022\/07\/gulasijada1-768x1081.jpg 768w, https:\/\/centralmedia.rs\/wp-content\/uploads\/2022\/07\/gulasijada1-728x1024.jpg 728w, https:\/\/centralmedia.rs\/wp-content\/uploads\/2022\/07\/gulasijada1-298x420.jpg 298w, https:\/\/centralmedia.rs\/wp-content\/uploads\/2022\/07\/gulasijada1-640x901.jpg 640w, https:\/\/centralmedia.rs\/wp-content\/uploads\/2022\/07\/gulasijada1-681x958.jpg 681w\" sizes=\"(max-width: 1137px) 100vw, 1137px\" \/><\/a>\n\t\t\t<\/div><\/figure>\n\t\t<\/div>\n\n","protected":false},"excerpt":{"rendered":"<p>SVILAJNAC- GULA\u0160IJADA u Svilajncu odr\u017eava se 7. avgusta na prostoru kod silosa, a posetioce \u0107e uveseljavati Vera Matovi\u0107. Prijave ekipa su u toku i traju &hellip; <\/p>\n","protected":false},"author":2,"featured_media":32031,"comment_status":"open","ping_status":"open","sticky":false,"template":"","format":"standard","meta":{"footnotes":""},"categories":[1524,2,23,887,5785,1517,3055],"tags":[2210,38,5905],"_links":{"self":[{"href":"https:\/\/centralmedia.rs\/index.php\/wp-json\/wp\/v2\/posts\/32030"}],"collection":[{"href":"https:\/\/centralmedia.rs\/index.php\/wp-json\/wp\/v2\/posts"}],"about":[{"href":"https:\/\/centralmedia.rs\/index.php\/wp-json\/wp\/v2\/types\/post"}],"author":[{"embeddable":true,"href":"https:\/\/centralmedia.rs\/index.php\/wp-json\/wp\/v2\/users\/2"}],"replies":[{"embeddable":true,"href":"https:\/\/centralmedia.rs\/index.php\/wp-json\/wp\/v2\/comments?post=32030"}],"version-history":[{"count":1,"href":"https:\/\/centralmedia.rs\/index.php\/wp-json\/wp\/v2\/posts\/32030\/revisions"}],"predecessor-version":[{"id":32034,"href":"https:\/\/centralmedia.rs\/index.php\/wp-json\/wp\/v2\/posts\/32030\/revisions\/32034"}],"wp:featuredmedia":[{"embeddable":true,"href":"https:\/\/centralmedia.rs\/index.php\/wp-json\/wp\/v2\/media\/32031"}],"wp:attachment":[{"href":"https:\/\/centralmedia.rs\/index.php\/wp-json\/wp\/v2\/media?parent=32030"}],"wp:term":[{"taxonomy":"category","embeddable":true,"href":"https:\/\/centralmedia.rs\/index.php\/wp-json\/wp\/v2\/categories?post=32030"},{"taxonomy":"post_tag","embeddable":true,"href":"https:\/\/centralmedia.rs\/index.php\/wp-json\/wp\/v2\/tags?post=32030"}],"curies":[{"name":"wp","href":"https:\/\/api.w.org\/{rel}","templated":true}]}}