{"id":32042,"date":"2022-07-25T15:46:25","date_gmt":"2022-07-25T13:46:25","guid":{"rendered":"http:\/\/centralmedia.rs\/?p=32042"},"modified":"2022-07-31T23:50:47","modified_gmt":"2022-07-31T21:50:47","slug":"u-novoj-crkvi-obelezen-praznik-ikone-presvete-bogorodice-trojerucice-dugo-cuvana-u-domu-nemanjica-ima-isceliteljske-moci","status":"publish","type":"post","link":"https:\/\/centralmedia.rs\/index.php\/2022\/07\/25\/u-novoj-crkvi-obelezen-praznik-ikone-presvete-bogorodice-trojerucice-dugo-cuvana-u-domu-nemanjica-ima-isceliteljske-moci\/","title":{"rendered":"U novoj crkvi obele\u017een praznik Ikone Presvete Bogorodice Trojeru\u010dice: Dugo \u010duvana u domu Nemanji\u0107a, ima isceliteljske mo\u0107i"},"content":{"rendered":"<p>U crkvi Svetih apostola Petra i Pavla u Jagodini, kao i \u00a0svim hramovima Srpske pravoslavne crkve, danas obele\u017een praznik Ikone Presvete Bogorodice Trojeru\u010dice, najpo\u0161tovanije ikone u srpskom narodu. Sve\u0161tenstvo i vernici\u00a0u crkvi Svetih apostola Petra i Pavla u Jagodini, povodom ovog praznika, zapo\u010deli su obele\u017eevanje slave rezanjem slavskog kola\u010da i ustanovljavanjem uloge kola\u010dara, \u0161to je do sada bila praksa za Petrovdan. Ista praksa bi\u0107e obavljena i prilikom obele\u017eavanja Svetog Nektarija 22. novembra.<\/p>\n<p><img loading=\"lazy\" decoding=\"async\" class=\"alignnone wp-image-32044 size-large\" src=\"http:\/\/centralmedia.rs\/wp-content\/uploads\/2022\/07\/nova-crkva3-768x1024.jpg\" alt=\"\" width=\"640\" height=\"853\" srcset=\"https:\/\/centralmedia.rs\/wp-content\/uploads\/2022\/07\/nova-crkva3-768x1024.jpg 768w, https:\/\/centralmedia.rs\/wp-content\/uploads\/2022\/07\/nova-crkva3-225x300.jpg 225w, https:\/\/centralmedia.rs\/wp-content\/uploads\/2022\/07\/nova-crkva3-315x420.jpg 315w, https:\/\/centralmedia.rs\/wp-content\/uploads\/2022\/07\/nova-crkva3-640x853.jpg 640w, https:\/\/centralmedia.rs\/wp-content\/uploads\/2022\/07\/nova-crkva3-681x908.jpg 681w, https:\/\/centralmedia.rs\/wp-content\/uploads\/2022\/07\/nova-crkva3.jpg 1200w\" sizes=\"(max-width: 640px) 100vw, 640px\" \/><\/p>\n<p>Ikona Trojeru\u010dica je, prema predanju,\u00a0iscelila ruku Svetog Jovana Damaskina\u00a0kada mu je ona odse\u010dena po zapovesti damaskog kalifa. Sveti Jovan Damaskin se borio\u00a0protiv ikonoboraca, ali je bio oklevetan i nepravedno ka\u017enjen.<\/p>\n<p>Iscelila ga je\u00a0Presveta Bogorodica, dok se pred ovom njenom ikonom\u00a0o\u017ealo\u0161\u0107en molio.\u00a0On je iz blagodarnosti za u\u010dinjenu milost\u00a0pridodao njenom liku tre\u0107u ruku,\u00a0po \u010demu je ona dobila ime Trojeru\u010dica.<\/p>\n","protected":false},"excerpt":{"rendered":"<p>U crkvi Svetih apostola Petra i Pavla u Jagodini, kao i \u00a0svim hramovima Srpske pravoslavne crkve, danas obele\u017een praznik Ikone Presvete Bogorodice Trojeru\u010dice, najpo\u0161tovanije ikone &hellip; <\/p>\n","protected":false},"author":2,"featured_media":32043,"comment_status":"open","ping_status":"open","sticky":false,"template":"","format":"standard","meta":{"footnotes":""},"categories":[14,1524,2,1514,5643,887,12],"tags":[58,4686],"_links":{"self":[{"href":"https:\/\/centralmedia.rs\/index.php\/wp-json\/wp\/v2\/posts\/32042"}],"collection":[{"href":"https:\/\/centralmedia.rs\/index.php\/wp-json\/wp\/v2\/posts"}],"about":[{"href":"https:\/\/centralmedia.rs\/index.php\/wp-json\/wp\/v2\/types\/post"}],"author":[{"embeddable":true,"href":"https:\/\/centralmedia.rs\/index.php\/wp-json\/wp\/v2\/users\/2"}],"replies":[{"embeddable":true,"href":"https:\/\/centralmedia.rs\/index.php\/wp-json\/wp\/v2\/comments?post=32042"}],"version-history":[{"count":2,"href":"https:\/\/centralmedia.rs\/index.php\/wp-json\/wp\/v2\/posts\/32042\/revisions"}],"predecessor-version":[{"id":32046,"href":"https:\/\/centralmedia.rs\/index.php\/wp-json\/wp\/v2\/posts\/32042\/revisions\/32046"}],"wp:featuredmedia":[{"embeddable":true,"href":"https:\/\/centralmedia.rs\/index.php\/wp-json\/wp\/v2\/media\/32043"}],"wp:attachment":[{"href":"https:\/\/centralmedia.rs\/index.php\/wp-json\/wp\/v2\/media?parent=32042"}],"wp:term":[{"taxonomy":"category","embeddable":true,"href":"https:\/\/centralmedia.rs\/index.php\/wp-json\/wp\/v2\/categories?post=32042"},{"taxonomy":"post_tag","embeddable":true,"href":"https:\/\/centralmedia.rs\/index.php\/wp-json\/wp\/v2\/tags?post=32042"}],"curies":[{"name":"wp","href":"https:\/\/api.w.org\/{rel}","templated":true}]}}