{"id":32047,"date":"2022-07-25T22:18:48","date_gmt":"2022-07-25T20:18:48","guid":{"rendered":"http:\/\/centralmedia.rs\/?p=32047"},"modified":"2022-07-31T23:50:37","modified_gmt":"2022-07-31T21:50:37","slug":"palma-nikada-necemo-da-priznamo-kosovo-rusiji-necemo-da-uvedemo-sankcije","status":"publish","type":"post","link":"https:\/\/centralmedia.rs\/index.php\/2022\/07\/25\/palma-nikada-necemo-da-priznamo-kosovo-rusiji-necemo-da-uvedemo-sankcije\/","title":{"rendered":"PALMA: NIKADA NE\u0106EMO DA PRIZNAMO KOSOVO, RUSIJI NE\u0106EMO DA UVEDEMO SANKCIJE"},"content":{"rendered":"<p>U intervjuu Ve\u010dernjim novostima\u00a0 predsednik Jedinstvene Srbije, Dragan Markovi\u0107 Palma izjavio je da je njegov stav da Srbija nikada ne\u0107e priznati nezavisno Kosovo i uvesti Rusiji sankcije<\/p>\n<p>Kako se treba postaviti prema ucenama Olafa \u0160olca i Evropskog parlamenta-priznajte Kosovo i uvedite sankcije Rusiji, pa onda u Evropsku uniju?<\/p>\n<p>NIKADA NE\u0106EMO DA PRIZNAMO KOSOVO<\/p>\n<p>-Kosovo nikada ne\u0107emo priznati. Pa kako Nema\u010dka uzima gas od Rusije, ako su im uveli sankcije, a mi treba da od prijatelja stvaramo neprijatelje? Ako Srbija uvede sancije ho\u0107e li da stane rat? Ne\u0107e. Sta\u0107e kada ukrajinski vojnici polo\u017ee oru\u017eje i ka\u017eu da ne \u017eele da budu \u017eivo topovsko meso, ina\u010de \u0107e trajati godinama. Ne\u0107e da popuste ni Evropa ni SAD, a \u0161to bi Rusija kada su nekada bile njene teritorije, a Rusi su ovde \u017eiveli kao \u0161to su Srbi, u strahu od Albanaca na Kosovu i Metohiji.<\/p>\n<p>Ima li nekih novina u Jagodini?<\/p>\n<p>-Pravi se pro\u0161irenje nema\u010dke fabrike \u201eFi\u0161er\u201c, koja treba da uz 400 zaposli jo\u0161 400 ljudi. A firma \u201eAunde\u201c koja pravi sedi\u0161ta, sada zapo\u0161ljava 200, a plan je da bude 1000 radnika. Namera nam je da krajem slede\u0107e godine pravimo i vrti\u0107 za decu zaposlenih i fizeraj za majke.\u00a0da sakupimo sredstva za to. Ina\u010de jedini smo grad koji nasipa kamen na puteve do svih njiva, pa kod nas mo\u017ee da se ide do njih \u201emercedesom\u201c. U Jagodini \u0107e 11. avgusta biti Otvoreni dan i svi \u0107e mo\u0107i besplatno u Akva park, Muzej vo\u0161tanih figura i Zoolo\u0161ki vrt.<\/p>\n","protected":false},"excerpt":{"rendered":"<p>U intervjuu Ve\u010dernjim novostima\u00a0 predsednik Jedinstvene Srbije, Dragan Markovi\u0107 Palma izjavio je da je njegov stav da Srbija nikada ne\u0107e priznati nezavisno Kosovo i uvesti &hellip; <\/p>\n","protected":false},"author":2,"featured_media":32048,"comment_status":"open","ping_status":"open","sticky":false,"template":"","format":"standard","meta":{"footnotes":""},"categories":[1524,2,5643,1514,13,887,12],"tags":[916,120,5907],"_links":{"self":[{"href":"https:\/\/centralmedia.rs\/index.php\/wp-json\/wp\/v2\/posts\/32047"}],"collection":[{"href":"https:\/\/centralmedia.rs\/index.php\/wp-json\/wp\/v2\/posts"}],"about":[{"href":"https:\/\/centralmedia.rs\/index.php\/wp-json\/wp\/v2\/types\/post"}],"author":[{"embeddable":true,"href":"https:\/\/centralmedia.rs\/index.php\/wp-json\/wp\/v2\/users\/2"}],"replies":[{"embeddable":true,"href":"https:\/\/centralmedia.rs\/index.php\/wp-json\/wp\/v2\/comments?post=32047"}],"version-history":[{"count":3,"href":"https:\/\/centralmedia.rs\/index.php\/wp-json\/wp\/v2\/posts\/32047\/revisions"}],"predecessor-version":[{"id":32051,"href":"https:\/\/centralmedia.rs\/index.php\/wp-json\/wp\/v2\/posts\/32047\/revisions\/32051"}],"wp:featuredmedia":[{"embeddable":true,"href":"https:\/\/centralmedia.rs\/index.php\/wp-json\/wp\/v2\/media\/32048"}],"wp:attachment":[{"href":"https:\/\/centralmedia.rs\/index.php\/wp-json\/wp\/v2\/media?parent=32047"}],"wp:term":[{"taxonomy":"category","embeddable":true,"href":"https:\/\/centralmedia.rs\/index.php\/wp-json\/wp\/v2\/categories?post=32047"},{"taxonomy":"post_tag","embeddable":true,"href":"https:\/\/centralmedia.rs\/index.php\/wp-json\/wp\/v2\/tags?post=32047"}],"curies":[{"name":"wp","href":"https:\/\/api.w.org\/{rel}","templated":true}]}}