{"id":32073,"date":"2022-07-29T14:54:38","date_gmt":"2022-07-29T12:54:38","guid":{"rendered":"http:\/\/centralmedia.rs\/?p=32073"},"modified":"2022-07-31T23:50:06","modified_gmt":"2022-07-31T21:50:06","slug":"koncert-za-decu-baneta-rosica-u-prirodnjackom-centru","status":"publish","type":"post","link":"https:\/\/centralmedia.rs\/index.php\/2022\/07\/29\/koncert-za-decu-baneta-rosica-u-prirodnjackom-centru\/","title":{"rendered":"KONCERT ZA DECU BANETA ROSI\u0106A U PRIRODNJA\u010cKOM CENTRU"},"content":{"rendered":"<p>SVILAJNAC- Ove godine letnji programi u Prirodnja\u010dkom centru Srbije u Svilajnacu odr\u017eavaju se svakog vikenda, subotom i nedeljom, tako da \u0107e posetioci iz cele Srbije imati brojne dodatne sadr\u017eaje u kojima \u0107e u\u017eivati. Osim vo\u0111enih tura i bioskopskih projekcija, svi posetioci (pogotovu deca) ima\u0107e priliku da u\u010destvuju u edukativnim radionicama koje za cilj imaju da prakti\u010dnim sredstvima probude kod dece \u017eelju da se bave naukom. U radionicama \u0107e najmla\u0111i posetioci imati priliku da naprave svoj ram za slikanje, pravi\u0107e razli\u010dite skulpture fosila, prou\u010davati geolo\u0161ku pro\u0161lost na\u0161e planete i upoznati prirodu ba\u0161 onakvu kakva jeste.<\/p>\n<p>U nedelju 31. jula od 19 \u010dasova posetioce o\u010dekuje KONCERT BANETA ROSI\u0106A, u kome \u0107e najmla\u0111i najvi\u0161e u\u017eivati.<\/p>\n<p>Zanimljiva je i sada ve\u0107 tradicionalna je manifestacija \u201eNo\u0107 u muzeju\u201c, gde svi posetioci imaju priliku da u potpunom mraku, pomo\u0107u baterijskih lampi, obilaze muzejske postavke. Do sada se pokazalo kao jedno neverovatno iskustvo i poseban do\u017eivljaj.<\/p>\n<p>I to nije sve. U toplim danima koje slede, jako je bitno rashladiti se i na\u0107i svoj odmor. Uz kupljenu kartu za Prirodnja\u010dki centar svi posetioci dobijaju besplatan ulaz na gradske bazene koji se nalaze odmah pored Prirodnja\u010dkog centra. Na ovaj na\u010din omogu\u0107en je kompletan u\u017eitak za celu porodicu.<\/p>\n<p>Prirodnja\u010dki centar ina\u010de predstavlja jedinstven spoj nauke, obrazovanja i zabave na jednom mestu \u0161to ga \u010dini jedistvenim na ovom delu Evrope i bele\u017ei vi\u0161e od 100.000 posetilaca godi\u0161nje, od \u010dega najve\u0107i deo \u010dine porodi\u010dne posete.<\/p>\n<p>I ovog vikenda vas o\u010dekuje dodatni sadr\u017eaj u Prirodnja\u010dkom centru.<\/p>\n<p>U subotu, 30. jula (11:00 i 18:30) se odr\u017eava kreativna radionica za decu &#8220;MORSKI SVET&#8221; u kojoj \u0107e se na\u0161i najmla\u0111i posetioci upoznati sa \u017eivim svetom koji \u017eivi u morima, jezerima, rekama &#8230;<\/p>\n<p>Radno vreme tokom letnje sezone je od 10:00 do 19:00 radnim danima i od 10:00 do 20:00 \u00a0vikendima.<\/p>\n","protected":false},"excerpt":{"rendered":"<p>SVILAJNAC- Ove godine letnji programi u Prirodnja\u010dkom centru Srbije u Svilajnacu odr\u017eavaju se svakog vikenda, subotom i nedeljom, tako da \u0107e posetioci iz cele Srbije &hellip; <\/p>\n","protected":false},"author":2,"featured_media":32074,"comment_status":"open","ping_status":"open","sticky":false,"template":"","format":"standard","meta":{"footnotes":""},"categories":[1524,2,23,887,1517,5785,3055],"tags":[288,38],"_links":{"self":[{"href":"https:\/\/centralmedia.rs\/index.php\/wp-json\/wp\/v2\/posts\/32073"}],"collection":[{"href":"https:\/\/centralmedia.rs\/index.php\/wp-json\/wp\/v2\/posts"}],"about":[{"href":"https:\/\/centralmedia.rs\/index.php\/wp-json\/wp\/v2\/types\/post"}],"author":[{"embeddable":true,"href":"https:\/\/centralmedia.rs\/index.php\/wp-json\/wp\/v2\/users\/2"}],"replies":[{"embeddable":true,"href":"https:\/\/centralmedia.rs\/index.php\/wp-json\/wp\/v2\/comments?post=32073"}],"version-history":[{"count":1,"href":"https:\/\/centralmedia.rs\/index.php\/wp-json\/wp\/v2\/posts\/32073\/revisions"}],"predecessor-version":[{"id":32075,"href":"https:\/\/centralmedia.rs\/index.php\/wp-json\/wp\/v2\/posts\/32073\/revisions\/32075"}],"wp:featuredmedia":[{"embeddable":true,"href":"https:\/\/centralmedia.rs\/index.php\/wp-json\/wp\/v2\/media\/32074"}],"wp:attachment":[{"href":"https:\/\/centralmedia.rs\/index.php\/wp-json\/wp\/v2\/media?parent=32073"}],"wp:term":[{"taxonomy":"category","embeddable":true,"href":"https:\/\/centralmedia.rs\/index.php\/wp-json\/wp\/v2\/categories?post=32073"},{"taxonomy":"post_tag","embeddable":true,"href":"https:\/\/centralmedia.rs\/index.php\/wp-json\/wp\/v2\/tags?post=32073"}],"curies":[{"name":"wp","href":"https:\/\/api.w.org\/{rel}","templated":true}]}}