{"id":32076,"date":"2022-07-29T14:58:44","date_gmt":"2022-07-29T12:58:44","guid":{"rendered":"http:\/\/centralmedia.rs\/?p=32076"},"modified":"2022-08-02T18:34:43","modified_gmt":"2022-08-02T16:34:43","slug":"radovi-u-poljoprivrednoj-skoli","status":"publish","type":"post","link":"https:\/\/centralmedia.rs\/index.php\/2022\/07\/29\/radovi-u-poljoprivrednoj-skoli\/","title":{"rendered":"RADOVI U POLJOPRIVREDNOJ \u0160KOLI"},"content":{"rendered":"<p>SVILAJNAC-U toku su radovi na asfaltiranju platoa ispred objekta za preradu vo\u0107a, povr\u0107a i mleka u Poljoprivredno-veterinarskoj \u0161koli sa domom u\u010denika \u201cSvilajnac\u201d.<\/p>\n<div id='gallery-1' class='gallery galleryid-32076 gallery-columns-7 gallery-size-thumbnail'><figure class='gallery-item'>\n\t\t\t<div class='gallery-icon landscape'>\n\t\t\t\t<a href='https:\/\/centralmedia.rs\/index.php\/2022\/07\/29\/radovi-u-poljoprivrednoj-skoli\/asfaltiranje\/'><img loading=\"lazy\" decoding=\"async\" width=\"150\" height=\"150\" src=\"https:\/\/centralmedia.rs\/wp-content\/uploads\/2022\/07\/asfaltiranje-150x150.jpg\" class=\"attachment-thumbnail size-thumbnail\" alt=\"\" \/><\/a>\n\t\t\t<\/div><\/figure><figure class='gallery-item'>\n\t\t\t<div class='gallery-icon landscape'>\n\t\t\t\t<a href='https:\/\/centralmedia.rs\/index.php\/2022\/07\/29\/radovi-u-poljoprivrednoj-skoli\/asfaltiranje1\/'><img loading=\"lazy\" decoding=\"async\" width=\"150\" height=\"150\" src=\"https:\/\/centralmedia.rs\/wp-content\/uploads\/2022\/07\/asfaltiranje1-150x150.jpg\" class=\"attachment-thumbnail size-thumbnail\" alt=\"\" \/><\/a>\n\t\t\t<\/div><\/figure><figure class='gallery-item'>\n\t\t\t<div class='gallery-icon landscape'>\n\t\t\t\t<a href='https:\/\/centralmedia.rs\/index.php\/2022\/07\/29\/radovi-u-poljoprivrednoj-skoli\/asfaltiranje2\/'><img loading=\"lazy\" decoding=\"async\" width=\"150\" height=\"150\" src=\"https:\/\/centralmedia.rs\/wp-content\/uploads\/2022\/07\/asfaltiranje2-150x150.jpg\" class=\"attachment-thumbnail size-thumbnail\" alt=\"\" \/><\/a>\n\t\t\t<\/div><\/figure><figure class='gallery-item'>\n\t\t\t<div class='gallery-icon landscape'>\n\t\t\t\t<a href='https:\/\/centralmedia.rs\/index.php\/2022\/07\/29\/radovi-u-poljoprivrednoj-skoli\/asfaltiranje3\/'><img loading=\"lazy\" decoding=\"async\" width=\"150\" height=\"150\" src=\"https:\/\/centralmedia.rs\/wp-content\/uploads\/2022\/07\/asfaltiranje3-150x150.jpg\" class=\"attachment-thumbnail size-thumbnail\" alt=\"\" \/><\/a>\n\t\t\t<\/div><\/figure><figure class='gallery-item'>\n\t\t\t<div class='gallery-icon landscape'>\n\t\t\t\t<a href='https:\/\/centralmedia.rs\/index.php\/2022\/07\/29\/radovi-u-poljoprivrednoj-skoli\/asfaltiranje4\/'><img loading=\"lazy\" decoding=\"async\" width=\"150\" height=\"150\" src=\"https:\/\/centralmedia.rs\/wp-content\/uploads\/2022\/07\/asfaltiranje4-150x150.jpg\" class=\"attachment-thumbnail size-thumbnail\" alt=\"\" \/><\/a>\n\t\t\t<\/div><\/figure><figure class='gallery-item'>\n\t\t\t<div class='gallery-icon landscape'>\n\t\t\t\t<a href='https:\/\/centralmedia.rs\/index.php\/2022\/07\/29\/radovi-u-poljoprivrednoj-skoli\/poljopiredna-skola1\/'><img loading=\"lazy\" decoding=\"async\" width=\"150\" height=\"150\" src=\"https:\/\/centralmedia.rs\/wp-content\/uploads\/2022\/07\/poljopiredna-skola1-150x150.jpg\" class=\"attachment-thumbnail size-thumbnail\" alt=\"\" \/><\/a>\n\t\t\t<\/div><\/figure><figure class='gallery-item'>\n\t\t\t<div class='gallery-icon landscape'>\n\t\t\t\t<a href='https:\/\/centralmedia.rs\/index.php\/2022\/07\/29\/radovi-u-poljoprivrednoj-skoli\/poljoprivredna-skola-2\/'><img loading=\"lazy\" decoding=\"async\" width=\"150\" height=\"150\" src=\"https:\/\/centralmedia.rs\/wp-content\/uploads\/2022\/07\/poljoprivredna-skola-150x150.jpg\" class=\"attachment-thumbnail size-thumbnail\" alt=\"\" \/><\/a>\n\t\t\t<\/div><\/figure>\n\t\t<\/div>\n\n<p>Radove je obi\u0161ao predsednik op\u0161tine Svilajnac Predrag Milanovi\u0107, koji je izjavio da se ovim stvaraju uslovi za preradu proizvoda, koje ova \u0161kola planira i da prodaje:<\/p>\n<p>\u201cAsfaltirano je oko 500m\u00b2, vrednost radova je 3,3 miliona dinara, a izvo\u0111a\u010d je Preduze\u0107e za puteve \u201cKargujevac\u201d. Podr\u017eavamo Poljoprivredno-veterinarsku \u0161kolu stvaranjem tehni\u010dkih uslova za unapre\u0111enje njiihove proizvodnje i realizaciju planova da prodaju prera\u0111enih proizvoda od vo\u0107a, povr\u0107a i mleka\u201d \u2013 izjavio je Milanovi\u0107.<\/p>\n<p>Nenad Milojevi\u0107, pomo\u0107nik direktora Poljoprivredno-veterinarske \u0161kole rekao je da se radi i obnova senare koja je izgorela u po\u017earu i da \u0107e pokrivanje biti zavr\u0161eno do po\u010detka ki\u0161ne sezone<\/p>\n","protected":false},"excerpt":{"rendered":"<p>SVILAJNAC-U toku su radovi na asfaltiranju platoa ispred objekta za preradu vo\u0107a, povr\u0107a i mleka u Poljoprivredno-veterinarskoj \u0161koli sa domom u\u010denika \u201cSvilajnac\u201d. Radove je obi\u0161ao &hellip; <\/p>\n","protected":false},"author":2,"featured_media":32077,"comment_status":"open","ping_status":"open","sticky":false,"template":"","format":"standard","meta":{"footnotes":""},"categories":[1524,2,887,16,12,5785,1517],"tags":[5910,38],"_links":{"self":[{"href":"https:\/\/centralmedia.rs\/index.php\/wp-json\/wp\/v2\/posts\/32076"}],"collection":[{"href":"https:\/\/centralmedia.rs\/index.php\/wp-json\/wp\/v2\/posts"}],"about":[{"href":"https:\/\/centralmedia.rs\/index.php\/wp-json\/wp\/v2\/types\/post"}],"author":[{"embeddable":true,"href":"https:\/\/centralmedia.rs\/index.php\/wp-json\/wp\/v2\/users\/2"}],"replies":[{"embeddable":true,"href":"https:\/\/centralmedia.rs\/index.php\/wp-json\/wp\/v2\/comments?post=32076"}],"version-history":[{"count":1,"href":"https:\/\/centralmedia.rs\/index.php\/wp-json\/wp\/v2\/posts\/32076\/revisions"}],"predecessor-version":[{"id":32084,"href":"https:\/\/centralmedia.rs\/index.php\/wp-json\/wp\/v2\/posts\/32076\/revisions\/32084"}],"wp:featuredmedia":[{"embeddable":true,"href":"https:\/\/centralmedia.rs\/index.php\/wp-json\/wp\/v2\/media\/32077"}],"wp:attachment":[{"href":"https:\/\/centralmedia.rs\/index.php\/wp-json\/wp\/v2\/media?parent=32076"}],"wp:term":[{"taxonomy":"category","embeddable":true,"href":"https:\/\/centralmedia.rs\/index.php\/wp-json\/wp\/v2\/categories?post=32076"},{"taxonomy":"post_tag","embeddable":true,"href":"https:\/\/centralmedia.rs\/index.php\/wp-json\/wp\/v2\/tags?post=32076"}],"curies":[{"name":"wp","href":"https:\/\/api.w.org\/{rel}","templated":true}]}}