{"id":32085,"date":"2022-07-31T16:20:06","date_gmt":"2022-07-31T14:20:06","guid":{"rendered":"http:\/\/centralmedia.rs\/?p=32085"},"modified":"2022-08-02T18:34:53","modified_gmt":"2022-08-02T16:34:53","slug":"palma-jedinstvena-srbija-podrzava-svako-slovo-koje-je-danas-predsednik-srbije-aleksandar-vucic-izgovorio-u-obracanju-naciji","status":"publish","type":"post","link":"https:\/\/centralmedia.rs\/index.php\/2022\/07\/31\/palma-jedinstvena-srbija-podrzava-svako-slovo-koje-je-danas-predsednik-srbije-aleksandar-vucic-izgovorio-u-obracanju-naciji\/","title":{"rendered":"PALMA : JEDINSTVENA SRBIJA PODR\u017dAVA SVAKO SLOVO KOJE JE DANAS PREDSEDNIK SRBIJE ALEKSANDAR VU\u010cI\u0106 IZGOVORIO U OBRA\u0106ANjU NACIJI"},"content":{"rendered":"<p>&#8220;Niko na svetu ne mo\u017ee da zameri nijedno slovo koje je u dana\u0161njem obra\u0107anju naciji, povodom najnovijih pretnji Aljbina Kurtija, izgovorio predsednik Srbije Aleksandar Vu\u010di\u0107. Posao D\u017eozefa Bajdena je da \u0161titi Ustav SAD i svoje gra\u0111ane, posao Emanulea Makrona je da \u0161titi Ustav Francuske i svoje gra\u0111ane, posao Olafa \u0160olca je da \u0161titi Ustav Nema\u010dke i svoje gra\u0111ane i posao Aleksandra Vu\u010di\u0107a je da \u0161titi Ustav Srbije i svoje gra\u0111ane i tako svih predsednika i premijera na svetu. Upravo to i radi predsednik Srbije i zato ima najve\u0107u podr\u0161ku gra\u0111ana Srbije u istoriji i zato ima i podr\u0161ku Jedinstvene Srbije za svako izgovoreno slovo&#8221;, izjavio je predsednik Jedinstvene Srbije Dragan Markovi\u0107 Palma. &#8220;Srbija je dr\u017eava koja po\u0161tuje sve svoje me\u0111unarodne obaveze od Rezolucije 1244, Dejtonskog sporazuma, Briselskog sporazuma, Va\u0161ingtonskog sporazuma do svih ostalih sporazuma koje je potpisala. Moje pitanje za zemlje Kvinte, a to su SAD, Velika Britanija, Nema\u010dka, Francuska i Italija, koje govore o nekon novom pravno obavezuju\u0107em sporazumu izme\u0111u Beograda i Pri\u0161tine, da li je Rezolucija 1244 pravno obavezuju\u0107i sporazum, da li je Dejtonski sporazum pravno obavezju\u0107i spoorazum i da li je Briselski sporazum pravno obavezju\u0107i sporazum. Ako jesu za\u0161to nisu sprovedeni onako kako pi\u0161e u tim sporazumima i kako je do\u0161lo do toga da samo Srbija po\u0161tuje i realizuje te sporazume. Ovo \u0161to se sada de\u0161ava nije iz Kurtijeve glave,Aljbin Kurti je samo pion dela me\u0111unarodne zajednice. Aljbin Kurti i Bakir Izetbegovi\u0107 \u017eele &#8220;Zatvoreni Balkan&#8221;, a Aleksandar Vu\u010di\u0107 &#8220;Otvoreni Balkan&#8221;. Kurti i njemu sli\u010dni pri\u010daju o lovcima, ratu, jedinicama ROSU, a Aleksandar Vu\u010di\u0107 o miru i stabilnosti i saradnji. Ovde neko \u017eeli da &#8220;Ukrajinu&#8221; preseli na Balkan. Pozivam Albance sa Kosova i Metohije da pru\u017ee ruku miru i stabionosti i saradnji, a ne da daju podr\u0161ku oru\u017eju. Iz iskustva biv\u0161e Jugoslavije smo valjda ne\u0161to nau\u010dili, a to je da je bolje 100 godina razgovarati, nego jedan dan ratovati&#8221;, poru\u010dio je Markovi\u0107.<\/p>\n","protected":false},"excerpt":{"rendered":"<p>&#8220;Niko na svetu ne mo\u017ee da zameri nijedno slovo koje je u dana\u0161njem obra\u0107anju naciji, povodom najnovijih pretnji Aljbina Kurtija, izgovorio predsednik Srbije Aleksandar Vu\u010di\u0107. &hellip; <\/p>\n","protected":false},"author":2,"featured_media":26864,"comment_status":"open","ping_status":"open","sticky":false,"template":"","format":"standard","meta":{"footnotes":""},"categories":[1524,2,5643,1514,13,887,12],"tags":[143,120,63],"_links":{"self":[{"href":"https:\/\/centralmedia.rs\/index.php\/wp-json\/wp\/v2\/posts\/32085"}],"collection":[{"href":"https:\/\/centralmedia.rs\/index.php\/wp-json\/wp\/v2\/posts"}],"about":[{"href":"https:\/\/centralmedia.rs\/index.php\/wp-json\/wp\/v2\/types\/post"}],"author":[{"embeddable":true,"href":"https:\/\/centralmedia.rs\/index.php\/wp-json\/wp\/v2\/users\/2"}],"replies":[{"embeddable":true,"href":"https:\/\/centralmedia.rs\/index.php\/wp-json\/wp\/v2\/comments?post=32085"}],"version-history":[{"count":1,"href":"https:\/\/centralmedia.rs\/index.php\/wp-json\/wp\/v2\/posts\/32085\/revisions"}],"predecessor-version":[{"id":32086,"href":"https:\/\/centralmedia.rs\/index.php\/wp-json\/wp\/v2\/posts\/32085\/revisions\/32086"}],"wp:featuredmedia":[{"embeddable":true,"href":"https:\/\/centralmedia.rs\/index.php\/wp-json\/wp\/v2\/media\/26864"}],"wp:attachment":[{"href":"https:\/\/centralmedia.rs\/index.php\/wp-json\/wp\/v2\/media?parent=32085"}],"wp:term":[{"taxonomy":"category","embeddable":true,"href":"https:\/\/centralmedia.rs\/index.php\/wp-json\/wp\/v2\/categories?post=32085"},{"taxonomy":"post_tag","embeddable":true,"href":"https:\/\/centralmedia.rs\/index.php\/wp-json\/wp\/v2\/tags?post=32085"}],"curies":[{"name":"wp","href":"https:\/\/api.w.org\/{rel}","templated":true}]}}