{"id":32087,"date":"2022-07-31T17:50:43","date_gmt":"2022-07-31T15:50:43","guid":{"rendered":"http:\/\/centralmedia.rs\/?p=32087"},"modified":"2022-08-02T18:35:00","modified_gmt":"2022-08-02T16:35:00","slug":"miss-aqua-parka-2022-gordana-duricic-iz-valjeva","status":"publish","type":"post","link":"https:\/\/centralmedia.rs\/index.php\/2022\/07\/31\/miss-aqua-parka-2022-gordana-duricic-iz-valjeva\/","title":{"rendered":"MISS AQUA PARKA 2022-Gordana  \u0110uri\u010di\u0107 iz Valjeva"},"content":{"rendered":"<p>JAGODINA-U \u00a0Akva parku u Jagodini odr\u017ean je finalni deo manifestacije IZBOR ZA MISS AQUA PARKA\u00a0 2022.<\/p>\n<div id='gallery-1' class='gallery galleryid-32087 gallery-columns-3 gallery-size-thumbnail'><figure class='gallery-item'>\n\t\t\t<div class='gallery-icon landscape'>\n\t\t\t\t<a href='https:\/\/centralmedia.rs\/index.php\/2022\/07\/31\/miss-aqua-parka-2022-gordana-duricic-iz-valjeva\/mis2\/'><img loading=\"lazy\" decoding=\"async\" width=\"150\" height=\"150\" src=\"https:\/\/centralmedia.rs\/wp-content\/uploads\/2022\/07\/mis2-150x150.jpg\" class=\"attachment-thumbnail size-thumbnail\" alt=\"\" \/><\/a>\n\t\t\t<\/div><\/figure><figure class='gallery-item'>\n\t\t\t<div class='gallery-icon landscape'>\n\t\t\t\t<a href='https:\/\/centralmedia.rs\/index.php\/2022\/07\/31\/miss-aqua-parka-2022-gordana-duricic-iz-valjeva\/mis3\/'><img loading=\"lazy\" decoding=\"async\" width=\"150\" height=\"150\" src=\"https:\/\/centralmedia.rs\/wp-content\/uploads\/2022\/07\/mis3-150x150.jpg\" class=\"attachment-thumbnail size-thumbnail\" alt=\"\" \/><\/a>\n\t\t\t<\/div><\/figure><figure class='gallery-item'>\n\t\t\t<div class='gallery-icon landscape'>\n\t\t\t\t<a href='https:\/\/centralmedia.rs\/index.php\/2022\/07\/31\/miss-aqua-parka-2022-gordana-duricic-iz-valjeva\/mis4\/'><img loading=\"lazy\" decoding=\"async\" width=\"150\" height=\"150\" src=\"https:\/\/centralmedia.rs\/wp-content\/uploads\/2022\/07\/mis4-150x150.jpg\" class=\"attachment-thumbnail size-thumbnail\" alt=\"\" \/><\/a>\n\t\t\t<\/div><\/figure>\n\t\t<\/div>\n\n<p>MISS AQUA PARKA 2022-Gordana\u00a0 \u0110uri\u010di\u0107 iz Valjeva<\/p>\n<p>Prva pratilja- Neda\u00a0 Slavkovi\u0107-Kragujevac<\/p>\n<p>Druga pratilja- Milica\u00a0 \u0110ur\u0111evi\u0107 &#8211; Kragujevac<\/p>\n<p>MISS \u0160ARMA- Milica Stevanovi\u0107- Vladi\u010din Han<\/p>\n<p>MISS FOTOGENI\u010cNOSTI- Marija\u00a0 Leli\u010danin iz Obrenovca<\/p>\n<p>MISS PUBLIKE- Marija Veli\u010dkovi\u0107 iz Jagodine.<\/p>\n<p>Devojke su osvojile nov\u010dane nagrade i letovanje u Gr\u010dkoj. Sve devojke koje su u\u010destvovale na manifestaciji osvojile su i besplatne sezonske karte za Aqua Park\u00a0 za slede\u0107u godinu.<\/p>\n","protected":false},"excerpt":{"rendered":"<p>JAGODINA-U \u00a0Akva parku u Jagodini odr\u017ean je finalni deo manifestacije IZBOR ZA MISS AQUA PARKA\u00a0 2022. MISS AQUA PARKA 2022-Gordana\u00a0 \u0110uri\u010di\u0107 iz Valjeva Prva pratilja- &hellip; <\/p>\n","protected":false},"author":2,"featured_media":32088,"comment_status":"open","ping_status":"open","sticky":false,"template":"","format":"standard","meta":{"footnotes":""},"categories":[1524,2,1514,5643,23,887,3055],"tags":[58,5911],"_links":{"self":[{"href":"https:\/\/centralmedia.rs\/index.php\/wp-json\/wp\/v2\/posts\/32087"}],"collection":[{"href":"https:\/\/centralmedia.rs\/index.php\/wp-json\/wp\/v2\/posts"}],"about":[{"href":"https:\/\/centralmedia.rs\/index.php\/wp-json\/wp\/v2\/types\/post"}],"author":[{"embeddable":true,"href":"https:\/\/centralmedia.rs\/index.php\/wp-json\/wp\/v2\/users\/2"}],"replies":[{"embeddable":true,"href":"https:\/\/centralmedia.rs\/index.php\/wp-json\/wp\/v2\/comments?post=32087"}],"version-history":[{"count":1,"href":"https:\/\/centralmedia.rs\/index.php\/wp-json\/wp\/v2\/posts\/32087\/revisions"}],"predecessor-version":[{"id":32092,"href":"https:\/\/centralmedia.rs\/index.php\/wp-json\/wp\/v2\/posts\/32087\/revisions\/32092"}],"wp:featuredmedia":[{"embeddable":true,"href":"https:\/\/centralmedia.rs\/index.php\/wp-json\/wp\/v2\/media\/32088"}],"wp:attachment":[{"href":"https:\/\/centralmedia.rs\/index.php\/wp-json\/wp\/v2\/media?parent=32087"}],"wp:term":[{"taxonomy":"category","embeddable":true,"href":"https:\/\/centralmedia.rs\/index.php\/wp-json\/wp\/v2\/categories?post=32087"},{"taxonomy":"post_tag","embeddable":true,"href":"https:\/\/centralmedia.rs\/index.php\/wp-json\/wp\/v2\/tags?post=32087"}],"curies":[{"name":"wp","href":"https:\/\/api.w.org\/{rel}","templated":true}]}}