{"id":32093,"date":"2022-08-01T14:24:03","date_gmt":"2022-08-01T12:24:03","guid":{"rendered":"http:\/\/centralmedia.rs\/?p=32093"},"modified":"2022-08-07T18:14:33","modified_gmt":"2022-08-07T16:14:33","slug":"gulasijada-svilajnac-najveca-kulinarsko-porodicna-manifestacija-u-svilajncu","status":"publish","type":"post","link":"https:\/\/centralmedia.rs\/index.php\/2022\/08\/01\/gulasijada-svilajnac-najveca-kulinarsko-porodicna-manifestacija-u-svilajncu\/","title":{"rendered":"GULA\u0160IJADA SVILAJNAC \u2013 NAJVE\u0106A  KULINARSKO-PORODI\u010cNA MANIFESTACIJA U SVILAJNCU"},"content":{"rendered":"<p>SVILAJNAC-Peta po redu Gula\u0161ijada u Svilajncu odr\u017eava se u nedelju 7. avgusta. Kuvanje gula\u0161a po\u010dinje od 13 \u010dasova, tradicionalne sportske igre od 16 \u010dasova, a od 20 \u010dasova je koncert Vere Matovi\u0107.<\/p>\n<p>Ukusni gula\u0161i, dobra atmosfera, zabava i muzika okupljaju veliki broj Svilajn\u010dana i njihovih gostiju, koji ovu manifestaciju prepoznaju kao jedan narodni i porodi\u010dni sabor.<\/p>\n<p>Stru\u010dni \u017eiri i ove godine \u010dine vrsni kuvari: <strong>Du\u0161an \u0160tuli\u0107<\/strong>, nutricionista, gastronom i \u010dlan Kulinarske federacije Srbije, <strong>Jordan Nastanovi\u0107<\/strong>, Predsednik sudijskog tima Kulinarske federacije Srbije i <strong>Jovan Vukeli\u0107<\/strong>, predsednik Upravnog odbora Kulnarske federacije Srbije.<\/p>\n<p>&nbsp;<\/p>\n","protected":false},"excerpt":{"rendered":"<p>SVILAJNAC-Peta po redu Gula\u0161ijada u Svilajncu odr\u017eava se u nedelju 7. avgusta. Kuvanje gula\u0161a po\u010dinje od 13 \u010dasova, tradicionalne sportske igre od 16 \u010dasova, a &hellip; <\/p>\n","protected":false},"author":2,"featured_media":32094,"comment_status":"open","ping_status":"open","sticky":false,"template":"","format":"standard","meta":{"footnotes":""},"categories":[1524,2,23,887,5785,1517,3055],"tags":[2210,38],"_links":{"self":[{"href":"https:\/\/centralmedia.rs\/index.php\/wp-json\/wp\/v2\/posts\/32093"}],"collection":[{"href":"https:\/\/centralmedia.rs\/index.php\/wp-json\/wp\/v2\/posts"}],"about":[{"href":"https:\/\/centralmedia.rs\/index.php\/wp-json\/wp\/v2\/types\/post"}],"author":[{"embeddable":true,"href":"https:\/\/centralmedia.rs\/index.php\/wp-json\/wp\/v2\/users\/2"}],"replies":[{"embeddable":true,"href":"https:\/\/centralmedia.rs\/index.php\/wp-json\/wp\/v2\/comments?post=32093"}],"version-history":[{"count":1,"href":"https:\/\/centralmedia.rs\/index.php\/wp-json\/wp\/v2\/posts\/32093\/revisions"}],"predecessor-version":[{"id":32095,"href":"https:\/\/centralmedia.rs\/index.php\/wp-json\/wp\/v2\/posts\/32093\/revisions\/32095"}],"wp:featuredmedia":[{"embeddable":true,"href":"https:\/\/centralmedia.rs\/index.php\/wp-json\/wp\/v2\/media\/32094"}],"wp:attachment":[{"href":"https:\/\/centralmedia.rs\/index.php\/wp-json\/wp\/v2\/media?parent=32093"}],"wp:term":[{"taxonomy":"category","embeddable":true,"href":"https:\/\/centralmedia.rs\/index.php\/wp-json\/wp\/v2\/categories?post=32093"},{"taxonomy":"post_tag","embeddable":true,"href":"https:\/\/centralmedia.rs\/index.php\/wp-json\/wp\/v2\/tags?post=32093"}],"curies":[{"name":"wp","href":"https:\/\/api.w.org\/{rel}","templated":true}]}}