{"id":32125,"date":"2022-08-02T18:33:43","date_gmt":"2022-08-02T16:33:43","guid":{"rendered":"http:\/\/centralmedia.rs\/?p=32125"},"modified":"2022-08-05T20:20:19","modified_gmt":"2022-08-05T18:20:19","slug":"radovi-u-subotici","status":"publish","type":"post","link":"https:\/\/centralmedia.rs\/index.php\/2022\/08\/02\/radovi-u-subotici\/","title":{"rendered":"RADOVI U SUBOTICI"},"content":{"rendered":"<p>SVILAJNAC-U Subotici kod Svilajnac u toku su radovi na ure\u0111enju centra sela, koje \u0107e dobiti ure\u0111en park sa igrali\u0161tem za decu.<\/p>\n<div id='gallery-1' class='gallery galleryid-32125 gallery-columns-3 gallery-size-thumbnail'><figure class='gallery-item'>\n\t\t\t<div class='gallery-icon landscape'>\n\t\t\t\t<a href='https:\/\/centralmedia.rs\/index.php\/2022\/08\/02\/radovi-u-subotici\/subotica1\/'><img loading=\"lazy\" decoding=\"async\" width=\"150\" height=\"150\" src=\"https:\/\/centralmedia.rs\/wp-content\/uploads\/2022\/08\/subotica1-150x150.jpg\" class=\"attachment-thumbnail size-thumbnail\" alt=\"\" \/><\/a>\n\t\t\t<\/div><\/figure><figure class='gallery-item'>\n\t\t\t<div class='gallery-icon landscape'>\n\t\t\t\t<a href='https:\/\/centralmedia.rs\/index.php\/2022\/08\/02\/radovi-u-subotici\/subotica2\/'><img loading=\"lazy\" decoding=\"async\" width=\"150\" height=\"150\" src=\"https:\/\/centralmedia.rs\/wp-content\/uploads\/2022\/08\/subotica2-150x150.jpg\" class=\"attachment-thumbnail size-thumbnail\" alt=\"\" \/><\/a>\n\t\t\t<\/div><\/figure><figure class='gallery-item'>\n\t\t\t<div class='gallery-icon landscape'>\n\t\t\t\t<a href='https:\/\/centralmedia.rs\/index.php\/2022\/08\/02\/radovi-u-subotici\/subotica3\/'><img loading=\"lazy\" decoding=\"async\" width=\"150\" height=\"150\" src=\"https:\/\/centralmedia.rs\/wp-content\/uploads\/2022\/08\/subotica3-150x150.jpg\" class=\"attachment-thumbnail size-thumbnail\" alt=\"\" \/><\/a>\n\t\t\t<\/div><\/figure>\n\t\t<\/div>\n\n<p>Predsednik op\u0161tine Svilajnac Predrag Milanovi\u0107 obi\u0161ao je radove i istakao da selo Subotica ima \u010dak 9 \u0111aka upisanih u 1. razred:<\/p>\n<p>\u201eDevet \u0111aka prvaka ima\u0107e \u0161kola u Subotici ove godine, \u0161to je vi\u0161e nego nekoliko prethodnih godina i zato nam je posebno drago \u0161to \u0107e ovo selo dobiti ure\u0111eno igrali\u0161te za decu, kao i sre\u0111en centar sela sa klupama i mestom za opu\u0161tanje. Ovako bi trebalo da izgleda svako selo\u201c &#8211; izjavio je Milanovi\u0107 i istakao da je op\u0161tina zajedno sa mesnom zajednicom uradila velike projekte u selu, kao \u0161to su izgradnja novog mosta i regulacija Resave i da ovo selo krasi zajedni\u0161tvo i inicijative me\u0161tana.<\/p>\n","protected":false},"excerpt":{"rendered":"<p>SVILAJNAC-U Subotici kod Svilajnac u toku su radovi na ure\u0111enju centra sela, koje \u0107e dobiti ure\u0111en park sa igrali\u0161tem za decu. Predsednik op\u0161tine Svilajnac Predrag &hellip; <\/p>\n","protected":false},"author":2,"featured_media":32126,"comment_status":"open","ping_status":"open","sticky":false,"template":"","format":"standard","meta":{"footnotes":""},"categories":[1524,2,13,887,12,1517,5785],"tags":[3295,4181,38],"_links":{"self":[{"href":"https:\/\/centralmedia.rs\/index.php\/wp-json\/wp\/v2\/posts\/32125"}],"collection":[{"href":"https:\/\/centralmedia.rs\/index.php\/wp-json\/wp\/v2\/posts"}],"about":[{"href":"https:\/\/centralmedia.rs\/index.php\/wp-json\/wp\/v2\/types\/post"}],"author":[{"embeddable":true,"href":"https:\/\/centralmedia.rs\/index.php\/wp-json\/wp\/v2\/users\/2"}],"replies":[{"embeddable":true,"href":"https:\/\/centralmedia.rs\/index.php\/wp-json\/wp\/v2\/comments?post=32125"}],"version-history":[{"count":1,"href":"https:\/\/centralmedia.rs\/index.php\/wp-json\/wp\/v2\/posts\/32125\/revisions"}],"predecessor-version":[{"id":32130,"href":"https:\/\/centralmedia.rs\/index.php\/wp-json\/wp\/v2\/posts\/32125\/revisions\/32130"}],"wp:featuredmedia":[{"embeddable":true,"href":"https:\/\/centralmedia.rs\/index.php\/wp-json\/wp\/v2\/media\/32126"}],"wp:attachment":[{"href":"https:\/\/centralmedia.rs\/index.php\/wp-json\/wp\/v2\/media?parent=32125"}],"wp:term":[{"taxonomy":"category","embeddable":true,"href":"https:\/\/centralmedia.rs\/index.php\/wp-json\/wp\/v2\/categories?post=32125"},{"taxonomy":"post_tag","embeddable":true,"href":"https:\/\/centralmedia.rs\/index.php\/wp-json\/wp\/v2\/tags?post=32125"}],"curies":[{"name":"wp","href":"https:\/\/api.w.org\/{rel}","templated":true}]}}