{"id":32138,"date":"2022-08-03T15:47:52","date_gmt":"2022-08-03T13:47:52","guid":{"rendered":"http:\/\/centralmedia.rs\/?p=32138"},"modified":"2022-08-09T17:40:26","modified_gmt":"2022-08-09T15:40:26","slug":"mucki-ubijeno-1-852-i-proterano-200-hiljada-srba-u-oluji","status":"publish","type":"post","link":"https:\/\/centralmedia.rs\/index.php\/2022\/08\/03\/mucki-ubijeno-1-852-i-proterano-200-hiljada-srba-u-oluji\/","title":{"rendered":"MU\u010cKI UBIJENO 1.852 I PROTERANO 250 HILJADA SRBA U ,,OLUJI\u201d"},"content":{"rendered":"<p>&#8220;OLUJA&#8221; je genocid i dovoljno dugo smo je boja\u017eljivo zvali pogromom, rekao je Milan \u017duni\u0107, predsednik Koordinacije udru\u017eenja izbeglih i raseljenih Srbije, povodom 27 godina od akcije hrvatskih oru\u017eanih snaga na nekada\u0161nju teritoriju Republike Srpske Krajine (RSK), u avgustu 1995, iz koje je proterano vi\u0161e od 250.000 Srba i, kako je re\u010deno, 2.000 ubijeno, 50 hiljada domova poru\u0161eno, 78 crkava popaljeno.<\/p>\n<div id='gallery-1' class='gallery galleryid-32138 gallery-columns-3 gallery-size-thumbnail'><figure class='gallery-item'>\n\t\t\t<div class='gallery-icon landscape'>\n\t\t\t\t<a href='https:\/\/centralmedia.rs\/index.php\/2022\/08\/03\/mucki-ubijeno-1-852-i-proterano-200-hiljada-srba-u-oluji\/oluja1\/'><img loading=\"lazy\" decoding=\"async\" width=\"150\" height=\"150\" src=\"https:\/\/centralmedia.rs\/wp-content\/uploads\/2022\/08\/oluja1-150x150.jpg\" class=\"attachment-thumbnail size-thumbnail\" alt=\"\" \/><\/a>\n\t\t\t<\/div><\/figure><figure class='gallery-item'>\n\t\t\t<div class='gallery-icon landscape'>\n\t\t\t\t<a href='https:\/\/centralmedia.rs\/index.php\/2022\/08\/03\/mucki-ubijeno-1-852-i-proterano-200-hiljada-srba-u-oluji\/oluja2\/'><img loading=\"lazy\" decoding=\"async\" width=\"150\" height=\"150\" src=\"https:\/\/centralmedia.rs\/wp-content\/uploads\/2022\/08\/Oluja2-150x150.jpg\" class=\"attachment-thumbnail size-thumbnail\" alt=\"\" \/><\/a>\n\t\t\t<\/div><\/figure><figure class='gallery-item'>\n\t\t\t<div class='gallery-icon landscape'>\n\t\t\t\t<a href='https:\/\/centralmedia.rs\/index.php\/2022\/08\/03\/mucki-ubijeno-1-852-i-proterano-200-hiljada-srba-u-oluji\/oluja4\/'><img loading=\"lazy\" decoding=\"async\" width=\"150\" height=\"150\" src=\"https:\/\/centralmedia.rs\/wp-content\/uploads\/2022\/08\/Oluja4-150x150.jpg\" class=\"attachment-thumbnail size-thumbnail\" alt=\"\" \/><\/a>\n\t\t\t<\/div><\/figure>\n\t\t<\/div>\n\n<p>&#8211; Kada jedan narod u ratnim uslovima nestane sa teritorije neke zemlje, onda je to, po me\u0111unarodnim definicijama, genocid &#8211; kazao je \u017duni\u0107. &#8211; Dokaz za to su brojke iz popisa stanovni\u0161tva u Hrvatskoj. Na popisu 1991. Srba je bilo 687.604, odnosno 14,4 odsto.<\/p>\n<p>Deceniju kasnije bilo ih je 201.631 ili 4,5 odsto, a 2011. godine 186.633 ili 4,4 odsto.<\/p>\n<p>Pola miliona Srba je, dakle, proterano ili ubijeno. U 85 odsto slu\u010dajeva \u017ertve u &#8220;Oluji&#8221; su bile starije od 85 godina.<\/p>\n<p>Nenad Abramovi\u0107 iz Udru\u017eenja &#8220;Zavi\u010daj&#8221; naglasio je da ni posle 27 godina nisu svi izbegli i raseljeni dobili krov nad glavom u Srbiji, iako je kroz regionalni stambeni program 16.000 ljudi trebalo da stekne domove. U Beogradu potrebu za socijalnim stanovima ima jo\u0161 oko 2.000 izbeglih, a u unutra\u0161njosti njih oko 800.<\/p>\n<p>U kristalnim no\u0107ima sredinom 1991. godine iz ve\u0107ih gradova u hrvatskoj prognano je preko 300 hiljada Srba<\/p>\n","protected":false},"excerpt":{"rendered":"<p>&#8220;OLUJA&#8221; je genocid i dovoljno dugo smo je boja\u017eljivo zvali pogromom, rekao je Milan \u017duni\u0107, predsednik Koordinacije udru\u017eenja izbeglih i raseljenih Srbije, povodom 27 godina &hellip; <\/p>\n","protected":false},"author":2,"featured_media":32141,"comment_status":"open","ping_status":"open","sticky":false,"template":"","format":"standard","meta":{"footnotes":""},"categories":[14,2,12],"tags":[3280,1979,5914,3415],"_links":{"self":[{"href":"https:\/\/centralmedia.rs\/index.php\/wp-json\/wp\/v2\/posts\/32138"}],"collection":[{"href":"https:\/\/centralmedia.rs\/index.php\/wp-json\/wp\/v2\/posts"}],"about":[{"href":"https:\/\/centralmedia.rs\/index.php\/wp-json\/wp\/v2\/types\/post"}],"author":[{"embeddable":true,"href":"https:\/\/centralmedia.rs\/index.php\/wp-json\/wp\/v2\/users\/2"}],"replies":[{"embeddable":true,"href":"https:\/\/centralmedia.rs\/index.php\/wp-json\/wp\/v2\/comments?post=32138"}],"version-history":[{"count":5,"href":"https:\/\/centralmedia.rs\/index.php\/wp-json\/wp\/v2\/posts\/32138\/revisions"}],"predecessor-version":[{"id":32148,"href":"https:\/\/centralmedia.rs\/index.php\/wp-json\/wp\/v2\/posts\/32138\/revisions\/32148"}],"wp:featuredmedia":[{"embeddable":true,"href":"https:\/\/centralmedia.rs\/index.php\/wp-json\/wp\/v2\/media\/32141"}],"wp:attachment":[{"href":"https:\/\/centralmedia.rs\/index.php\/wp-json\/wp\/v2\/media?parent=32138"}],"wp:term":[{"taxonomy":"category","embeddable":true,"href":"https:\/\/centralmedia.rs\/index.php\/wp-json\/wp\/v2\/categories?post=32138"},{"taxonomy":"post_tag","embeddable":true,"href":"https:\/\/centralmedia.rs\/index.php\/wp-json\/wp\/v2\/tags?post=32138"}],"curies":[{"name":"wp","href":"https:\/\/api.w.org\/{rel}","templated":true}]}}