{"id":32151,"date":"2022-08-04T15:45:48","date_gmt":"2022-08-04T13:45:48","guid":{"rendered":"http:\/\/centralmedia.rs\/?p=32151"},"modified":"2022-08-07T18:13:23","modified_gmt":"2022-08-07T16:13:23","slug":"palma-hrvatska-zahvaljujuci-haskim-sudijama-slavi-etnicko-ciscenje","status":"publish","type":"post","link":"https:\/\/centralmedia.rs\/index.php\/2022\/08\/04\/palma-hrvatska-zahvaljujuci-haskim-sudijama-slavi-etnicko-ciscenje\/","title":{"rendered":"PALMA : HRVATSKA ZAHVALjUJU\u0106I HA\u0160KIM SUDIJAMA SLAVI ETNI\u010cKO \u010cI\u0160\u0106ENjE"},"content":{"rendered":"<p>\u201cNiko na svetu ne slavi etni\u010dka \u010di\u0161\u0107enja, progone, ubistva, paljenje crkava, ku\u0107a, stanova, imovine\u2026 Jedina dr\u017eava na svetu koja slavi najve\u0107e etni\u010dko \u010di\u0161\u0107enje posle Drugog svetskog rata je Hrvatska, a pri tom je \u010dlan Evropske unije, \u0161to zna\u010di da je ispunila sve zahteve Evropske unije po pitanju po\u0161tovanja ljudskih prava. Ako je to budu\u0107nost, ako je to napredak svetske civilizacije, onda bolje da mi ostanemo seljaci iz Srbije. Ali, kao i u slu\u010daju Aljbina Kurtija i Bakira Izetbegovi\u0107a, tako i u slu\u010daju Hrvatske, ne treba da \u010dudi pona\u0161anje dr\u017eave u kojoj usta\u0161ki ministar Mile Budak koji bi tre\u0107inu Srba pobio, tre\u0107inu prognao, a tre\u0107inu prekrstio, ima svoje ulice i trgove, u kojoj Ante Paveli\u0107 nije persona non grata, a predsednik Srbije jeste, u kojoj smatraju da je usta\u0161ki logor u Jastrebarskom zapravo bio de\u010dje odmarali\u0161te, ali treba da \u010dudi da nikoga iz Brisela, Va\u0161ingtona, Berlina ili Pariza bar malo nije sramota\u201d, izjavio je predsednik Jedinstvene Srbije Dragan Markovi\u0107 Palma. \u201cMilijardu puta treba ponoviti svima u svetu nare\u0111enje predsednika i vrhovnog komandanta Hrvatske Franje Tu\u0111mana uo\u010di Oluje, a ono glasi \u201cSrbima treba naneti takve udarce da prakti\u010dno nestanu sa ovih podru\u010dja\u201d. Kako vam zvu\u010di ova re\u010denica gospodo sudije iz Ha\u0161kog tribunala koji ste oslobodili hrvatske generale Antu Gotovinu i Mladena Marka\u010da. Da li vas je gospodo sudije bar malo sramota, jer vi ste najodgovorniji \u0161to danas u 21. veku neko slavi etni\u010dko \u010di\u0161\u0107enje, va\u0161a presuda je to dozvolila. Da ste vi sudili u Nirnbergu, ko zna kakve bi presude bili nema\u010dkim generalima. Ja nisam pravnik, ali Oluja je najve\u0107e etni\u010dko \u010di\u0161\u0107enje posle Drugog svetskog rata, za to postoji milion dokaza, slika i snimaka i zato postoji i navedeno nare\u0111enje tada\u0161njeg hrvatskog vrhovnog vo\u0111e. Dakle, ni mene ni nikoga drugog ne treba da \u010dudi pona\u0161anje Hrvatske, ali treba da \u010dudi pona\u0161anje onih koj se predstavljaju kao oli\u010denje demokratije i po\u0161tovanja ljudskih prava u Hagu i Briselu\u201d poru\u010dio je Markovi\u0107.<\/p>\n","protected":false},"excerpt":{"rendered":"<p>\u201cNiko na svetu ne slavi etni\u010dka \u010di\u0161\u0107enja, progone, ubistva, paljenje crkava, ku\u0107a, stanova, imovine\u2026 Jedina dr\u017eava na svetu koja slavi najve\u0107e etni\u010dko \u010di\u0161\u0107enje posle Drugog &hellip; <\/p>\n","protected":false},"author":2,"featured_media":32152,"comment_status":"open","ping_status":"open","sticky":false,"template":"","format":"standard","meta":{"footnotes":""},"categories":[1524,2,1514,5643,13,887,12],"tags":[5915,3280,907,120],"_links":{"self":[{"href":"https:\/\/centralmedia.rs\/index.php\/wp-json\/wp\/v2\/posts\/32151"}],"collection":[{"href":"https:\/\/centralmedia.rs\/index.php\/wp-json\/wp\/v2\/posts"}],"about":[{"href":"https:\/\/centralmedia.rs\/index.php\/wp-json\/wp\/v2\/types\/post"}],"author":[{"embeddable":true,"href":"https:\/\/centralmedia.rs\/index.php\/wp-json\/wp\/v2\/users\/2"}],"replies":[{"embeddable":true,"href":"https:\/\/centralmedia.rs\/index.php\/wp-json\/wp\/v2\/comments?post=32151"}],"version-history":[{"count":1,"href":"https:\/\/centralmedia.rs\/index.php\/wp-json\/wp\/v2\/posts\/32151\/revisions"}],"predecessor-version":[{"id":32153,"href":"https:\/\/centralmedia.rs\/index.php\/wp-json\/wp\/v2\/posts\/32151\/revisions\/32153"}],"wp:featuredmedia":[{"embeddable":true,"href":"https:\/\/centralmedia.rs\/index.php\/wp-json\/wp\/v2\/media\/32152"}],"wp:attachment":[{"href":"https:\/\/centralmedia.rs\/index.php\/wp-json\/wp\/v2\/media?parent=32151"}],"wp:term":[{"taxonomy":"category","embeddable":true,"href":"https:\/\/centralmedia.rs\/index.php\/wp-json\/wp\/v2\/categories?post=32151"},{"taxonomy":"post_tag","embeddable":true,"href":"https:\/\/centralmedia.rs\/index.php\/wp-json\/wp\/v2\/tags?post=32151"}],"curies":[{"name":"wp","href":"https:\/\/api.w.org\/{rel}","templated":true}]}}