{"id":32154,"date":"2022-08-04T15:51:37","date_gmt":"2022-08-04T13:51:37","guid":{"rendered":"http:\/\/centralmedia.rs\/?p=32154"},"modified":"2022-08-05T20:20:45","modified_gmt":"2022-08-05T18:20:45","slug":"srpska-premijera-predstave-o-patrijarhu-pavlu","status":"publish","type":"post","link":"https:\/\/centralmedia.rs\/index.php\/2022\/08\/04\/srpska-premijera-predstave-o-patrijarhu-pavlu\/","title":{"rendered":"SRPSKA PREMIJERA PREDSTAVE O PATRIJARHU PAVLU"},"content":{"rendered":"<p>JAGODINA-Srpska premijera predstave o Patrijarhu Pavlu 15. septembra u Jagodini. Autor teksta predstave \u201eBiti \u010dovek &#8211; Patrijarh Pavle me\u0111u ljudima i neljudima\u201c je dr Jovan Janji\u0107, reditelj Milan Rus, u ulozi Patrijarha je Milan Malba\u0161a i ulozi novinara Aleksandar Duni\u0107.<\/p>\n","protected":false},"excerpt":{"rendered":"<p>JAGODINA-Srpska premijera predstave o Patrijarhu Pavlu 15. septembra u Jagodini. Autor teksta predstave \u201eBiti \u010dovek &#8211; Patrijarh Pavle me\u0111u ljudima i neljudima\u201c je dr Jovan &hellip; <\/p>\n","protected":false},"author":2,"featured_media":32155,"comment_status":"open","ping_status":"open","sticky":false,"template":"","format":"standard","meta":{"footnotes":""},"categories":[1524,2,5643,1514,15,887,12],"tags":[58,5916,1685],"_links":{"self":[{"href":"https:\/\/centralmedia.rs\/index.php\/wp-json\/wp\/v2\/posts\/32154"}],"collection":[{"href":"https:\/\/centralmedia.rs\/index.php\/wp-json\/wp\/v2\/posts"}],"about":[{"href":"https:\/\/centralmedia.rs\/index.php\/wp-json\/wp\/v2\/types\/post"}],"author":[{"embeddable":true,"href":"https:\/\/centralmedia.rs\/index.php\/wp-json\/wp\/v2\/users\/2"}],"replies":[{"embeddable":true,"href":"https:\/\/centralmedia.rs\/index.php\/wp-json\/wp\/v2\/comments?post=32154"}],"version-history":[{"count":1,"href":"https:\/\/centralmedia.rs\/index.php\/wp-json\/wp\/v2\/posts\/32154\/revisions"}],"predecessor-version":[{"id":32156,"href":"https:\/\/centralmedia.rs\/index.php\/wp-json\/wp\/v2\/posts\/32154\/revisions\/32156"}],"wp:featuredmedia":[{"embeddable":true,"href":"https:\/\/centralmedia.rs\/index.php\/wp-json\/wp\/v2\/media\/32155"}],"wp:attachment":[{"href":"https:\/\/centralmedia.rs\/index.php\/wp-json\/wp\/v2\/media?parent=32154"}],"wp:term":[{"taxonomy":"category","embeddable":true,"href":"https:\/\/centralmedia.rs\/index.php\/wp-json\/wp\/v2\/categories?post=32154"},{"taxonomy":"post_tag","embeddable":true,"href":"https:\/\/centralmedia.rs\/index.php\/wp-json\/wp\/v2\/tags?post=32154"}],"curies":[{"name":"wp","href":"https:\/\/api.w.org\/{rel}","templated":true}]}}