{"id":32157,"date":"2022-08-04T15:54:57","date_gmt":"2022-08-04T13:54:57","guid":{"rendered":"http:\/\/centralmedia.rs\/?p=32157"},"modified":"2022-08-07T18:13:38","modified_gmt":"2022-08-07T16:13:38","slug":"leto-u-svilajncu","status":"publish","type":"post","link":"https:\/\/centralmedia.rs\/index.php\/2022\/08\/04\/leto-u-svilajncu\/","title":{"rendered":"LETO U SVILAJNCU"},"content":{"rendered":"<p>SVILAJNAC-Sino\u0107ni nastup Tropiko benda u Svilajncu, jednog od najpoznatijih beogradskih sastava, u okviru Kulturno &#8211; zabavnog leta, opravdao je o\u010dekivanja publike i organizatora.<\/p>\n<div id='gallery-1' class='gallery galleryid-32157 gallery-columns-3 gallery-size-thumbnail'><figure class='gallery-item'>\n\t\t\t<div class='gallery-icon landscape'>\n\t\t\t\t<a href='https:\/\/centralmedia.rs\/index.php\/2022\/08\/04\/leto-u-svilajncu\/tropiko1\/'><img loading=\"lazy\" decoding=\"async\" width=\"150\" height=\"150\" src=\"https:\/\/centralmedia.rs\/wp-content\/uploads\/2022\/08\/tropiko1-150x150.jpg\" class=\"attachment-thumbnail size-thumbnail\" alt=\"\" \/><\/a>\n\t\t\t<\/div><\/figure><figure class='gallery-item'>\n\t\t\t<div class='gallery-icon landscape'>\n\t\t\t\t<a href='https:\/\/centralmedia.rs\/index.php\/2022\/08\/04\/leto-u-svilajncu\/tropiko2\/'><img loading=\"lazy\" decoding=\"async\" width=\"150\" height=\"150\" src=\"https:\/\/centralmedia.rs\/wp-content\/uploads\/2022\/08\/tropiko2-150x150.jpg\" class=\"attachment-thumbnail size-thumbnail\" alt=\"\" \/><\/a>\n\t\t\t<\/div><\/figure><figure class='gallery-item'>\n\t\t\t<div class='gallery-icon landscape'>\n\t\t\t\t<a href='https:\/\/centralmedia.rs\/index.php\/2022\/08\/04\/leto-u-svilajncu\/tropiko3\/'><img loading=\"lazy\" decoding=\"async\" width=\"150\" height=\"150\" src=\"https:\/\/centralmedia.rs\/wp-content\/uploads\/2022\/08\/tropiko3-150x150.jpg\" class=\"attachment-thumbnail size-thumbnail\" alt=\"\" \/><\/a>\n\t\t\t<\/div><\/figure>\n\t\t<\/div>\n\n<p>Za najmla\u0111e je pripremljeno dru\u017eenje sa transformersima u predstavi ,,SVET ROBOTA&#8221; na Trgu Stevana Sin\u0111eli\u0107a u utorak, 9. avgusta u 21 sat.<\/p>\n<p><img loading=\"lazy\" decoding=\"async\" class=\"alignnone wp-image-32162 size-full\" src=\"http:\/\/centralmedia.rs\/wp-content\/uploads\/2022\/08\/robot.jpg\" alt=\"\" width=\"704\" height=\"504\" srcset=\"https:\/\/centralmedia.rs\/wp-content\/uploads\/2022\/08\/robot.jpg 704w, https:\/\/centralmedia.rs\/wp-content\/uploads\/2022\/08\/robot-300x215.jpg 300w, https:\/\/centralmedia.rs\/wp-content\/uploads\/2022\/08\/robot-587x420.jpg 587w, https:\/\/centralmedia.rs\/wp-content\/uploads\/2022\/08\/robot-640x458.jpg 640w, https:\/\/centralmedia.rs\/wp-content\/uploads\/2022\/08\/robot-681x488.jpg 681w\" sizes=\"(max-width: 704px) 100vw, 704px\" \/><\/p>\n<p>Za sve koji vole folklor, nastup kulturno-umetni\u010dkih dru\u0161tava iz te op\u0161tine u subotu, 6. avgusta u SUBOTICI. Koncert po\u010dinje u 20.30<\/p>\n","protected":false},"excerpt":{"rendered":"<p>SVILAJNAC-Sino\u0107ni nastup Tropiko benda u Svilajncu, jednog od najpoznatijih beogradskih sastava, u okviru Kulturno &#8211; zabavnog leta, opravdao je o\u010dekivanja publike i organizatora. Za najmla\u0111e &hellip; <\/p>\n","protected":false},"author":2,"featured_media":32158,"comment_status":"open","ping_status":"open","sticky":false,"template":"","format":"standard","meta":{"footnotes":""},"categories":[1524,2,23,887,5785,1517,3055],"tags":[5889,38],"_links":{"self":[{"href":"https:\/\/centralmedia.rs\/index.php\/wp-json\/wp\/v2\/posts\/32157"}],"collection":[{"href":"https:\/\/centralmedia.rs\/index.php\/wp-json\/wp\/v2\/posts"}],"about":[{"href":"https:\/\/centralmedia.rs\/index.php\/wp-json\/wp\/v2\/types\/post"}],"author":[{"embeddable":true,"href":"https:\/\/centralmedia.rs\/index.php\/wp-json\/wp\/v2\/users\/2"}],"replies":[{"embeddable":true,"href":"https:\/\/centralmedia.rs\/index.php\/wp-json\/wp\/v2\/comments?post=32157"}],"version-history":[{"count":1,"href":"https:\/\/centralmedia.rs\/index.php\/wp-json\/wp\/v2\/posts\/32157\/revisions"}],"predecessor-version":[{"id":32163,"href":"https:\/\/centralmedia.rs\/index.php\/wp-json\/wp\/v2\/posts\/32157\/revisions\/32163"}],"wp:featuredmedia":[{"embeddable":true,"href":"https:\/\/centralmedia.rs\/index.php\/wp-json\/wp\/v2\/media\/32158"}],"wp:attachment":[{"href":"https:\/\/centralmedia.rs\/index.php\/wp-json\/wp\/v2\/media?parent=32157"}],"wp:term":[{"taxonomy":"category","embeddable":true,"href":"https:\/\/centralmedia.rs\/index.php\/wp-json\/wp\/v2\/categories?post=32157"},{"taxonomy":"post_tag","embeddable":true,"href":"https:\/\/centralmedia.rs\/index.php\/wp-json\/wp\/v2\/tags?post=32157"}],"curies":[{"name":"wp","href":"https:\/\/api.w.org\/{rel}","templated":true}]}}