{"id":32198,"date":"2022-08-07T20:48:18","date_gmt":"2022-08-07T18:48:18","guid":{"rendered":"http:\/\/centralmedia.rs\/?p=32198"},"modified":"2022-08-09T17:39:18","modified_gmt":"2022-08-09T15:39:18","slug":"gulasijada-u-svilajncu","status":"publish","type":"post","link":"https:\/\/centralmedia.rs\/index.php\/2022\/08\/07\/gulasijada-u-svilajncu\/","title":{"rendered":"GULA\u0160IJADA U SVILAJNCU"},"content":{"rendered":"<p>SVILAJNAC- Pobednik svilajna\u010dke 5. Gula\u0161ijde je ekipa LU Fazan iz \u00a0Sedlara, drugo mesto pripalo je ekipi \u00a0Crni \u0110or\u0111e iz Velike Plane, a tre\u0107e je Resavski pismono\u0161a iz Bobova. U\u010destvovalo je 40 ekipa iz cele Srbije. Bogat zabavni program i gostovanje Vere Matovi\u0107 uprili\u010dili su atmosferu.<\/p>\n<p><img loading=\"lazy\" decoding=\"async\" class=\"alignnone size-medium wp-image-32206\" src=\"http:\/\/centralmedia.rs\/wp-content\/uploads\/2022\/08\/gulasi-300x200.jpg\" alt=\"\" width=\"300\" height=\"200\" srcset=\"https:\/\/centralmedia.rs\/wp-content\/uploads\/2022\/08\/gulasi-300x200.jpg 300w, https:\/\/centralmedia.rs\/wp-content\/uploads\/2022\/08\/gulasi-768x512.jpg 768w, https:\/\/centralmedia.rs\/wp-content\/uploads\/2022\/08\/gulasi-1024x683.jpg 1024w, https:\/\/centralmedia.rs\/wp-content\/uploads\/2022\/08\/gulasi-630x420.jpg 630w, https:\/\/centralmedia.rs\/wp-content\/uploads\/2022\/08\/gulasi-537x360.jpg 537w, https:\/\/centralmedia.rs\/wp-content\/uploads\/2022\/08\/gulasi-640x427.jpg 640w, https:\/\/centralmedia.rs\/wp-content\/uploads\/2022\/08\/gulasi-681x454.jpg 681w, https:\/\/centralmedia.rs\/wp-content\/uploads\/2022\/08\/gulasi.jpg 2048w\" sizes=\"(max-width: 300px) 100vw, 300px\" \/> <img loading=\"lazy\" decoding=\"async\" class=\"alignnone size-medium wp-image-32207\" src=\"http:\/\/centralmedia.rs\/wp-content\/uploads\/2022\/08\/gulasi1-300x200.jpg\" alt=\"\" width=\"300\" height=\"200\" srcset=\"https:\/\/centralmedia.rs\/wp-content\/uploads\/2022\/08\/gulasi1-300x200.jpg 300w, https:\/\/centralmedia.rs\/wp-content\/uploads\/2022\/08\/gulasi1-768x512.jpg 768w, https:\/\/centralmedia.rs\/wp-content\/uploads\/2022\/08\/gulasi1-1024x683.jpg 1024w, https:\/\/centralmedia.rs\/wp-content\/uploads\/2022\/08\/gulasi1-630x420.jpg 630w, https:\/\/centralmedia.rs\/wp-content\/uploads\/2022\/08\/gulasi1-537x360.jpg 537w, https:\/\/centralmedia.rs\/wp-content\/uploads\/2022\/08\/gulasi1-640x427.jpg 640w, https:\/\/centralmedia.rs\/wp-content\/uploads\/2022\/08\/gulasi1-681x454.jpg 681w, https:\/\/centralmedia.rs\/wp-content\/uploads\/2022\/08\/gulasi1.jpg 2048w\" sizes=\"(max-width: 300px) 100vw, 300px\" \/> <img loading=\"lazy\" decoding=\"async\" class=\"alignnone size-medium wp-image-32208\" src=\"http:\/\/centralmedia.rs\/wp-content\/uploads\/2022\/08\/otpisani-300x200.jpg\" alt=\"\" width=\"300\" height=\"200\" srcset=\"https:\/\/centralmedia.rs\/wp-content\/uploads\/2022\/08\/otpisani-300x200.jpg 300w, https:\/\/centralmedia.rs\/wp-content\/uploads\/2022\/08\/otpisani-768x512.jpg 768w, https:\/\/centralmedia.rs\/wp-content\/uploads\/2022\/08\/otpisani-1024x683.jpg 1024w, https:\/\/centralmedia.rs\/wp-content\/uploads\/2022\/08\/otpisani-630x420.jpg 630w, https:\/\/centralmedia.rs\/wp-content\/uploads\/2022\/08\/otpisani-537x360.jpg 537w, https:\/\/centralmedia.rs\/wp-content\/uploads\/2022\/08\/otpisani-640x427.jpg 640w, https:\/\/centralmedia.rs\/wp-content\/uploads\/2022\/08\/otpisani-681x454.jpg 681w, https:\/\/centralmedia.rs\/wp-content\/uploads\/2022\/08\/otpisani.jpg 2048w\" sizes=\"(max-width: 300px) 100vw, 300px\" \/> <img loading=\"lazy\" decoding=\"async\" class=\"alignnone size-medium wp-image-32209\" src=\"http:\/\/centralmedia.rs\/wp-content\/uploads\/2022\/08\/pobednici1-300x200.jpg\" alt=\"\" width=\"300\" height=\"200\" srcset=\"https:\/\/centralmedia.rs\/wp-content\/uploads\/2022\/08\/pobednici1-300x200.jpg 300w, https:\/\/centralmedia.rs\/wp-content\/uploads\/2022\/08\/pobednici1-768x512.jpg 768w, https:\/\/centralmedia.rs\/wp-content\/uploads\/2022\/08\/pobednici1-1024x683.jpg 1024w, https:\/\/centralmedia.rs\/wp-content\/uploads\/2022\/08\/pobednici1-630x420.jpg 630w, https:\/\/centralmedia.rs\/wp-content\/uploads\/2022\/08\/pobednici1-537x360.jpg 537w, https:\/\/centralmedia.rs\/wp-content\/uploads\/2022\/08\/pobednici1-640x427.jpg 640w, https:\/\/centralmedia.rs\/wp-content\/uploads\/2022\/08\/pobednici1-681x454.jpg 681w, https:\/\/centralmedia.rs\/wp-content\/uploads\/2022\/08\/pobednici1.jpg 2048w\" sizes=\"(max-width: 300px) 100vw, 300px\" \/> <img loading=\"lazy\" decoding=\"async\" class=\"alignnone size-medium wp-image-32210\" src=\"http:\/\/centralmedia.rs\/wp-content\/uploads\/2022\/08\/vera-atovic-300x200.jpg\" alt=\"\" width=\"300\" height=\"200\" srcset=\"https:\/\/centralmedia.rs\/wp-content\/uploads\/2022\/08\/vera-atovic-300x200.jpg 300w, https:\/\/centralmedia.rs\/wp-content\/uploads\/2022\/08\/vera-atovic-768x512.jpg 768w, https:\/\/centralmedia.rs\/wp-content\/uploads\/2022\/08\/vera-atovic-1024x683.jpg 1024w, https:\/\/centralmedia.rs\/wp-content\/uploads\/2022\/08\/vera-atovic-630x420.jpg 630w, https:\/\/centralmedia.rs\/wp-content\/uploads\/2022\/08\/vera-atovic-537x360.jpg 537w, https:\/\/centralmedia.rs\/wp-content\/uploads\/2022\/08\/vera-atovic-640x427.jpg 640w, https:\/\/centralmedia.rs\/wp-content\/uploads\/2022\/08\/vera-atovic-681x454.jpg 681w, https:\/\/centralmedia.rs\/wp-content\/uploads\/2022\/08\/vera-atovic.jpg 2048w\" sizes=\"(max-width: 300px) 100vw, 300px\" \/> <img loading=\"lazy\" decoding=\"async\" class=\"alignnone size-medium wp-image-32211\" src=\"http:\/\/centralmedia.rs\/wp-content\/uploads\/2022\/08\/ziri-300x200.jpg\" alt=\"\" width=\"300\" height=\"200\" srcset=\"https:\/\/centralmedia.rs\/wp-content\/uploads\/2022\/08\/ziri-300x200.jpg 300w, https:\/\/centralmedia.rs\/wp-content\/uploads\/2022\/08\/ziri-768x512.jpg 768w, https:\/\/centralmedia.rs\/wp-content\/uploads\/2022\/08\/ziri-1024x683.jpg 1024w, https:\/\/centralmedia.rs\/wp-content\/uploads\/2022\/08\/ziri-630x420.jpg 630w, https:\/\/centralmedia.rs\/wp-content\/uploads\/2022\/08\/ziri-537x360.jpg 537w, https:\/\/centralmedia.rs\/wp-content\/uploads\/2022\/08\/ziri-640x427.jpg 640w, https:\/\/centralmedia.rs\/wp-content\/uploads\/2022\/08\/ziri-681x454.jpg 681w, https:\/\/centralmedia.rs\/wp-content\/uploads\/2022\/08\/ziri.jpg 2048w\" sizes=\"(max-width: 300px) 100vw, 300px\" \/><\/p>\n<p>\u010cetrdeset ekipa iz Svilajnca i okoline takmi\u010dilo se na petoj Svilajna\u010dkoj gula\u0161ijadi, koja je ju\u010de odr\u017eana kod silosa u Svilajncu.<br \/>\nGula\u0161i, koji su kuvani 5 sati, dobra atmosfera, zabava i muzika okupili su i veliki broj Svilajn\u010dana i njihovih gostiju, koji ovu manifestaciju prepoznaju kao jedan narodni i porodi\u010dni sabor.<br \/>\nStru\u010dni \u017eiri i ove godine \u010dinili su vrsni kuvari: Du\u0161an \u0160tuli\u0107, nutricionista, gastronom i \u010dlan Kulinarske federacije Srbije, Jordan Nastanovi\u0107, Predsednik sudijskog tima Kulinarske federacije Srbije i Jovan Vukeli\u0107, predsednik Upravnog odbora Kulnarske federacije Srbije.<br \/>\nPo njihovoj oceni najbolji gula\u0161 skuvalo je Lova\u010dko udru\u017eenje \u201cFazan\u201d iz Sedlara, koji su osvojili pobedni\u010dki pehar, drugo mesto osvojila je ekipa \u201cCrni \u0110or\u0111e\u201d iz Velike Plane, a tre\u0107e mesto ekipa \u201cResavski pismono\u0161a\u201d iz Bobova.<br \/>\nGula\u0161ijada je odr\u017eana u organizaciji Sportskog saveza Svilajnac i Centra za kulturu Svilajnac, a glavni pokrovitelj je Op\u0161tina Svilajnac:<br \/>\n\u201cSve je proteklo po planu, imali smo veliki broj prijavljenih ekipa, a eminentni \u017eiri je odradio svoj posao kako treba i planiramo da svake naredne godine to bude sve bolje i kvalitetnije. Najva\u017enije je to \u0161to je ova manifestacija postala va\u017ean gastronomski doga\u0111aj na mapi Srbije\u201d, izjavio je Nenad Miladinovi\u0107, zamenik predsednika Skup\u0161tine op\u0161tine Svilajnac i \u010dlan organizacionog odbora Gula\u0161ijade.<br \/>\nGula\u0161ijada je propra\u0107ena tradicionalnim srpskim sportskim igrama i zabavnim programom. U\u010desnici i posetioci u\u017eivali su i u ve\u010dernjem koncertu Vere Matovi\u0107, kojim je ova manifestacija zavr\u0161ena.<\/p>\n","protected":false},"excerpt":{"rendered":"<p>SVILAJNAC- Pobednik svilajna\u010dke 5. Gula\u0161ijde je ekipa LU Fazan iz \u00a0Sedlara, drugo mesto pripalo je ekipi \u00a0Crni \u0110or\u0111e iz Velike Plane, a tre\u0107e je Resavski &hellip; <\/p>\n","protected":false},"author":2,"featured_media":32199,"comment_status":"open","ping_status":"open","sticky":false,"template":"","format":"standard","meta":{"footnotes":""},"categories":[1524,2,23,887,5785,1517,3055],"tags":[2210,38],"_links":{"self":[{"href":"https:\/\/centralmedia.rs\/index.php\/wp-json\/wp\/v2\/posts\/32198"}],"collection":[{"href":"https:\/\/centralmedia.rs\/index.php\/wp-json\/wp\/v2\/posts"}],"about":[{"href":"https:\/\/centralmedia.rs\/index.php\/wp-json\/wp\/v2\/types\/post"}],"author":[{"embeddable":true,"href":"https:\/\/centralmedia.rs\/index.php\/wp-json\/wp\/v2\/users\/2"}],"replies":[{"embeddable":true,"href":"https:\/\/centralmedia.rs\/index.php\/wp-json\/wp\/v2\/comments?post=32198"}],"version-history":[{"count":3,"href":"https:\/\/centralmedia.rs\/index.php\/wp-json\/wp\/v2\/posts\/32198\/revisions"}],"predecessor-version":[{"id":32212,"href":"https:\/\/centralmedia.rs\/index.php\/wp-json\/wp\/v2\/posts\/32198\/revisions\/32212"}],"wp:featuredmedia":[{"embeddable":true,"href":"https:\/\/centralmedia.rs\/index.php\/wp-json\/wp\/v2\/media\/32199"}],"wp:attachment":[{"href":"https:\/\/centralmedia.rs\/index.php\/wp-json\/wp\/v2\/media?parent=32198"}],"wp:term":[{"taxonomy":"category","embeddable":true,"href":"https:\/\/centralmedia.rs\/index.php\/wp-json\/wp\/v2\/categories?post=32198"},{"taxonomy":"post_tag","embeddable":true,"href":"https:\/\/centralmedia.rs\/index.php\/wp-json\/wp\/v2\/tags?post=32198"}],"curies":[{"name":"wp","href":"https:\/\/api.w.org\/{rel}","templated":true}]}}