{"id":3220,"date":"2016-05-29T13:55:02","date_gmt":"2016-05-29T13:55:02","guid":{"rendered":"http:\/\/centralmedia.rs\/?p=3220"},"modified":"2017-01-20T02:11:37","modified_gmt":"2017-01-20T02:11:37","slug":"svilajnac-kulturna-prestonica-srbije","status":"publish","type":"post","link":"https:\/\/centralmedia.rs\/index.php\/2016\/05\/29\/svilajnac-kulturna-prestonica-srbije\/","title":{"rendered":"SVILAJNAC KULTURNA PRESTONICA SRBIJE"},"content":{"rendered":"<p>SVILAJNAC-Najstariju svilajna\u010dku kulturnu manifestaciju ,,Sin\u0111eli\u0107evi dani&#8221; u Ku\u0107i Stevana Sin\u0111eli\u0107a u Grabovcu otvaraju Vojni orkestar &#8220;Stanislav Bini\u010dki&#8221; i solisti Merima Njegomir,Vesna Dimi\u0107 i Biljana Petkovi\u0107 u ponedeljak u 20 \u010dasova.<a href=\"https:\/\/centralmedia.rs\/wp-content\/uploads\/2016\/05\/STEVAN-SINdjELIC-SVILAJNAC-CZK.jpg\"><img loading=\"lazy\" decoding=\"async\" class=\"alignnone size-medium wp-image-3222\" src=\"https:\/\/centralmedia.rs\/wp-content\/uploads\/2016\/05\/STEVAN-SINdjELIC-SVILAJNAC-CZK-224x300.jpg\" alt=\"STEVAN SINdjELIC-SVILAJNAC-CZK\" width=\"224\" height=\"300\" srcset=\"https:\/\/centralmedia.rs\/wp-content\/uploads\/2016\/05\/STEVAN-SINdjELIC-SVILAJNAC-CZK-224x300.jpg 224w, https:\/\/centralmedia.rs\/wp-content\/uploads\/2016\/05\/STEVAN-SINdjELIC-SVILAJNAC-CZK.jpg 673w\" sizes=\"(max-width: 224px) 100vw, 224px\" \/><\/a> Za utorak je predvi\u0111en, u organizaciji Udru\u017eanje ratnih dobrovoljaca i njihovih potomaka i po\u0161tovalaca &#8220;Stevan Sin\u0111eli\u0107&#8221;, odlazak u Ni\u0161 radi obele\u017eavanja Boja na \u010cegru, dok \u0107e u selu Vojska monodramu \u201eMudri i juna\u010dni vojvoda Janko Kati\u0107\u201c, po tekstu Milovana Vitezovi\u0107a, glumiti Aleksandar Duni\u0107, a u Centru za kulturu predvi\u0111en je koncert \u201eMusic Around the World&#8221; &#8220;Mi\u0161ko Plavi trio&#8221;- Mi\u0161ko Plavi,Vasil Had\u017eimanov i Sr\u0111an Dunki\u0107. <a href=\"https:\/\/centralmedia.rs\/wp-content\/uploads\/2016\/05\/sindjelicevi-dani-program.jpg\"><img loading=\"lazy\" decoding=\"async\" class=\"alignnone size-medium wp-image-3223\" src=\"https:\/\/centralmedia.rs\/wp-content\/uploads\/2016\/05\/sindjelicevi-dani-program-211x300.jpg\" alt=\"sindjelicevi dani program\" width=\"211\" height=\"300\" srcset=\"https:\/\/centralmedia.rs\/wp-content\/uploads\/2016\/05\/sindjelicevi-dani-program-211x300.jpg 211w, https:\/\/centralmedia.rs\/wp-content\/uploads\/2016\/05\/sindjelicevi-dani-program.jpg 676w\" sizes=\"(max-width: 211px) 100vw, 211px\" \/><\/a>Za sredu je najavljen Gala koncert Konstantina Kostjukova i solista Baleta Narodnog pozori\u0161ta, \u010detvrtak Beogradsko dramsko pozori\u0161te po tekstu \u017deljka Huba\u010da predstava &#8220;Berlinski zid&#8221; u re\u017eiji Milana Ne\u0161kovi\u0107a, uloge tuma\u010de Atanasije Uzunovi\u0107, Jovo Maksi\u0107, Nemanja Oliveri\u0107, Paulina Manov, Andrej \u0160epetkovski, Ljubinka Klari\u0107. U petak je otvaranje izlo\u017ebe modnog dizajna &#8220;Exploring Inspirations \/ u potrazi za inspiracijom&#8221;, kao i predstava ,,Voz\u201d po tekstu Kormak Makartija i re\u017eiji Voje Brajovi\u0107a, igraju Voja Brajovi\u0107 i Sergej Trifunovi\u0107. U subotu na Trgu Mare Resavkinje u 12 \u010dasova je Koncert iznena\u0111enja, a u 20 \u010dasova na Trgu Stevana Sin\u0111eli\u0107a Koncert folklore uz u\u010de\u0161\u0107e Gradskog ansambla narodnih igara i pesama Centra za kulturu Po\u017earevac i Kulturno-umetni\u010dkog dru\u0161tva &#8220;Sin\u0111eli\u0107&#8221; Svilajnac. Poslednje ve\u010deri manifestacije najavljene su predstave Omladinskog amaterskog pozori\u0161ta &#8220;MMaska&#8221; ,,Povratak u Oz&#8221;, kao i Kabare Gorana Sultanovi\u0107a ,,Ja pevam svoj bluz&#8221; uz muzi\u010dku pratnju Du\u0161ana Bezuhe i Branislava Zarina. Mafestacija se odr\u017eava svake godine krajem maja u \u010dast resavskom vojvodi Stevanu Sin\u0111eli\u0107u, juna\u010dki stradalom u borbi protiv Turaka na \u010cegru 1809. godine. Tradicionalno traje sedam dana i obuhvata sve oblike kulturnog i umetni\u010dkog stvarala\u0161tva. Pokrovitelj manifestacije je op\u0161tina Svilajnac, a organizator Centar za kulturu Svilajnac. Program je besplatan za sve posetioce manifestacije.<\/p>\n<p><strong><em>Svilajna\u010dka razglednica \u2013 Projekat se realizuje uz pomo\u0107 sredstava iz bud\u017eeta Op\u0161tine Svilajnac.<\/em><\/strong><\/p>\n<p>&nbsp;<\/p>\n","protected":false},"excerpt":{"rendered":"<p>SVILAJNAC-Najstariju svilajna\u010dku kulturnu manifestaciju ,,Sin\u0111eli\u0107evi dani&#8221; u Ku\u0107i Stevana Sin\u0111eli\u0107a u Grabovcu otvaraju Vojni orkestar &#8220;Stanislav Bini\u010dki&#8221; i solisti Merima Njegomir,Vesna Dimi\u0107 i Biljana Petkovi\u0107 &hellip; <\/p>\n","protected":false},"author":4,"featured_media":3221,"comment_status":"open","ping_status":"open","sticky":false,"template":"","format":"standard","meta":{"footnotes":""},"categories":[1524,2,15,887,12,1517],"tags":[828,829,38],"_links":{"self":[{"href":"https:\/\/centralmedia.rs\/index.php\/wp-json\/wp\/v2\/posts\/3220"}],"collection":[{"href":"https:\/\/centralmedia.rs\/index.php\/wp-json\/wp\/v2\/posts"}],"about":[{"href":"https:\/\/centralmedia.rs\/index.php\/wp-json\/wp\/v2\/types\/post"}],"author":[{"embeddable":true,"href":"https:\/\/centralmedia.rs\/index.php\/wp-json\/wp\/v2\/users\/4"}],"replies":[{"embeddable":true,"href":"https:\/\/centralmedia.rs\/index.php\/wp-json\/wp\/v2\/comments?post=3220"}],"version-history":[{"count":0,"href":"https:\/\/centralmedia.rs\/index.php\/wp-json\/wp\/v2\/posts\/3220\/revisions"}],"wp:featuredmedia":[{"embeddable":true,"href":"https:\/\/centralmedia.rs\/index.php\/wp-json\/wp\/v2\/media\/3221"}],"wp:attachment":[{"href":"https:\/\/centralmedia.rs\/index.php\/wp-json\/wp\/v2\/media?parent=3220"}],"wp:term":[{"taxonomy":"category","embeddable":true,"href":"https:\/\/centralmedia.rs\/index.php\/wp-json\/wp\/v2\/categories?post=3220"},{"taxonomy":"post_tag","embeddable":true,"href":"https:\/\/centralmedia.rs\/index.php\/wp-json\/wp\/v2\/tags?post=3220"}],"curies":[{"name":"wp","href":"https:\/\/api.w.org\/{rel}","templated":true}]}}