{"id":32227,"date":"2022-08-09T17:35:20","date_gmt":"2022-08-09T15:35:20","guid":{"rendered":"http:\/\/centralmedia.rs\/?p=32227"},"modified":"2022-08-10T13:01:20","modified_gmt":"2022-08-10T11:01:20","slug":"otkazani-vecerasnji-koncerti-u-jagodini-i-svilajncu","status":"publish","type":"post","link":"https:\/\/centralmedia.rs\/index.php\/2022\/08\/09\/otkazani-vecerasnji-koncerti-u-jagodini-i-svilajncu\/","title":{"rendered":"OTKAZANI VE\u010cERA\u0160NJI KONCERTI U JAGODINI I SVILAJNCU"},"content":{"rendered":"<p>JAGODINA- SVILAJNAC-Zbog najavljenih vremenskih neprilika otkazuje se koncert koji je trebalo da odr\u017ee Dule Resavac i Stoiks bend na Gradskom trgu u Jagodini.<\/p>\n<p>Zbog mogu\u0107ih vremenskih nepogoda de\u010dji program \u201cTransformersi\u201d u Svilajncu se odla\u017ee. O novom terminu obavesti\u0107emo vas blagovremeno.<\/p>\n<p>Koncert Sne\u017eane Babi\u0107 Sneki u Grabovcu, ve\u010deras \u0107e u slu\u010daju ki\u0161e biti odr\u017ean u Domu kulture.<\/p>\n","protected":false},"excerpt":{"rendered":"<p>JAGODINA- SVILAJNAC-Zbog najavljenih vremenskih neprilika otkazuje se koncert koji je trebalo da odr\u017ee Dule Resavac i Stoiks bend na Gradskom trgu u Jagodini. Zbog mogu\u0107ih &hellip; <\/p>\n","protected":false},"author":2,"featured_media":32162,"comment_status":"open","ping_status":"open","sticky":false,"template":"","format":"standard","meta":{"footnotes":""},"categories":[1524,2,5643,1514,23,1517,5785,3055],"tags":[58,1091,38],"_links":{"self":[{"href":"https:\/\/centralmedia.rs\/index.php\/wp-json\/wp\/v2\/posts\/32227"}],"collection":[{"href":"https:\/\/centralmedia.rs\/index.php\/wp-json\/wp\/v2\/posts"}],"about":[{"href":"https:\/\/centralmedia.rs\/index.php\/wp-json\/wp\/v2\/types\/post"}],"author":[{"embeddable":true,"href":"https:\/\/centralmedia.rs\/index.php\/wp-json\/wp\/v2\/users\/2"}],"replies":[{"embeddable":true,"href":"https:\/\/centralmedia.rs\/index.php\/wp-json\/wp\/v2\/comments?post=32227"}],"version-history":[{"count":1,"href":"https:\/\/centralmedia.rs\/index.php\/wp-json\/wp\/v2\/posts\/32227\/revisions"}],"predecessor-version":[{"id":32228,"href":"https:\/\/centralmedia.rs\/index.php\/wp-json\/wp\/v2\/posts\/32227\/revisions\/32228"}],"wp:featuredmedia":[{"embeddable":true,"href":"https:\/\/centralmedia.rs\/index.php\/wp-json\/wp\/v2\/media\/32162"}],"wp:attachment":[{"href":"https:\/\/centralmedia.rs\/index.php\/wp-json\/wp\/v2\/media?parent=32227"}],"wp:term":[{"taxonomy":"category","embeddable":true,"href":"https:\/\/centralmedia.rs\/index.php\/wp-json\/wp\/v2\/categories?post=32227"},{"taxonomy":"post_tag","embeddable":true,"href":"https:\/\/centralmedia.rs\/index.php\/wp-json\/wp\/v2\/tags?post=32227"}],"curies":[{"name":"wp","href":"https:\/\/api.w.org\/{rel}","templated":true}]}}