{"id":32233,"date":"2022-08-09T18:16:11","date_gmt":"2022-08-09T16:16:11","guid":{"rendered":"http:\/\/centralmedia.rs\/?p=32233"},"modified":"2022-08-17T19:39:58","modified_gmt":"2022-08-17T17:39:58","slug":"skola-u-troponju","status":"publish","type":"post","link":"https:\/\/centralmedia.rs\/index.php\/2022\/08\/09\/skola-u-troponju\/","title":{"rendered":"\u0160KOLA U TROPONJU"},"content":{"rendered":"<p>SVILAJNAC-Predsednik op\u0161tine Svilajnac Predrag Milanovi\u0107 obi\u0161ao je \u0161kolu u Troponju zajedno sa predstavnicima Mesne zajednice Troponje na kojoj se radi teku\u0107e odr\u017eavanje i priprema objekta i dvori\u0161ta za po\u010detak nove \u0161kolske godine:<\/p>\n<p>\u201eRadi se novi mokri \u010dvor, sre\u0111uju prostorije u kojima je bilo nekih problema i radi se unutra\u0161nje i spolja\u0161nje ure\u0111enje kako bi sve bilo spremno za 1. septembar. Mesna zajednica se uklju\u010dila u ovaj posao, a ovo je samo jedna od \u0161kola koje spremamo za novu \u0161kolsku godinu\u201c \u2013 izjavio je Milanovi\u0107 i najavio da \u0107e se spremati projekat za energetsku efikasnost kako bi se na ovo j \u0161koli zamenila stolarija, uradila nova fasada i izolacija.<\/p>\n<div id='gallery-1' class='gallery galleryid-32233 gallery-columns-3 gallery-size-thumbnail'><figure class='gallery-item'>\n\t\t\t<div class='gallery-icon landscape'>\n\t\t\t\t<a href='https:\/\/centralmedia.rs\/index.php\/2022\/08\/09\/skola-u-troponju\/troponje-2\/'><img loading=\"lazy\" decoding=\"async\" width=\"150\" height=\"150\" src=\"https:\/\/centralmedia.rs\/wp-content\/uploads\/2022\/08\/troponje-150x150.jpg\" class=\"attachment-thumbnail size-thumbnail\" alt=\"\" \/><\/a>\n\t\t\t<\/div><\/figure><figure class='gallery-item'>\n\t\t\t<div class='gallery-icon landscape'>\n\t\t\t\t<a href='https:\/\/centralmedia.rs\/index.php\/2022\/08\/09\/skola-u-troponju\/troponje1-2\/'><img loading=\"lazy\" decoding=\"async\" width=\"150\" height=\"150\" src=\"https:\/\/centralmedia.rs\/wp-content\/uploads\/2022\/08\/troponje1-150x150.jpg\" class=\"attachment-thumbnail size-thumbnail\" alt=\"\" \/><\/a>\n\t\t\t<\/div><\/figure><figure class='gallery-item'>\n\t\t\t<div class='gallery-icon landscape'>\n\t\t\t\t<a href='https:\/\/centralmedia.rs\/index.php\/2022\/08\/09\/skola-u-troponju\/troponje3-2\/'><img loading=\"lazy\" decoding=\"async\" width=\"150\" height=\"150\" src=\"https:\/\/centralmedia.rs\/wp-content\/uploads\/2022\/08\/troponje3-150x150.jpg\" class=\"attachment-thumbnail size-thumbnail\" alt=\"\" \/><\/a>\n\t\t\t<\/div><\/figure>\n\t\t<\/div>\n\n","protected":false},"excerpt":{"rendered":"<p>SVILAJNAC-Predsednik op\u0161tine Svilajnac Predrag Milanovi\u0107 obi\u0161ao je \u0161kolu u Troponju zajedno sa predstavnicima Mesne zajednice Troponje na kojoj se radi teku\u0107e odr\u017eavanje i priprema objekta &hellip; <\/p>\n","protected":false},"author":2,"featured_media":32234,"comment_status":"open","ping_status":"open","sticky":false,"template":"","format":"standard","meta":{"footnotes":""},"categories":[14,1524,2,887,12,1517,5785],"tags":[497,38,3976],"_links":{"self":[{"href":"https:\/\/centralmedia.rs\/index.php\/wp-json\/wp\/v2\/posts\/32233"}],"collection":[{"href":"https:\/\/centralmedia.rs\/index.php\/wp-json\/wp\/v2\/posts"}],"about":[{"href":"https:\/\/centralmedia.rs\/index.php\/wp-json\/wp\/v2\/types\/post"}],"author":[{"embeddable":true,"href":"https:\/\/centralmedia.rs\/index.php\/wp-json\/wp\/v2\/users\/2"}],"replies":[{"embeddable":true,"href":"https:\/\/centralmedia.rs\/index.php\/wp-json\/wp\/v2\/comments?post=32233"}],"version-history":[{"count":1,"href":"https:\/\/centralmedia.rs\/index.php\/wp-json\/wp\/v2\/posts\/32233\/revisions"}],"predecessor-version":[{"id":32238,"href":"https:\/\/centralmedia.rs\/index.php\/wp-json\/wp\/v2\/posts\/32233\/revisions\/32238"}],"wp:featuredmedia":[{"embeddable":true,"href":"https:\/\/centralmedia.rs\/index.php\/wp-json\/wp\/v2\/media\/32234"}],"wp:attachment":[{"href":"https:\/\/centralmedia.rs\/index.php\/wp-json\/wp\/v2\/media?parent=32233"}],"wp:term":[{"taxonomy":"category","embeddable":true,"href":"https:\/\/centralmedia.rs\/index.php\/wp-json\/wp\/v2\/categories?post=32233"},{"taxonomy":"post_tag","embeddable":true,"href":"https:\/\/centralmedia.rs\/index.php\/wp-json\/wp\/v2\/tags?post=32233"}],"curies":[{"name":"wp","href":"https:\/\/api.w.org\/{rel}","templated":true}]}}