{"id":32240,"date":"2022-08-11T15:53:14","date_gmt":"2022-08-11T13:53:14","guid":{"rendered":"http:\/\/centralmedia.rs\/?p=32240"},"modified":"2022-08-17T19:40:07","modified_gmt":"2022-08-17T17:40:07","slug":"palma-jagodina-turisticki-centar-srbije","status":"publish","type":"post","link":"https:\/\/centralmedia.rs\/index.php\/2022\/08\/11\/palma-jagodina-turisticki-centar-srbije\/","title":{"rendered":"PALMA: JAGODINA TURISTI\u010cKI CENTAR SRBIJE"},"content":{"rendered":"<p>JAGODINA- Povodom manifestacije &#8220;Otvoreni dan&#8221; predsednik Jedinstvene Srbije, narodni poslanik i predsednik skup\u0161tine grada Jagodina Dragan Markovi\u0107 Palma obi\u0161ao je turisti\u010dke destinacije u Jagodini, i u prvom i najve\u0107em Akva parku u Srbiji obratio se novinarima.<\/p>\n<div id='gallery-1' class='gallery galleryid-32240 gallery-columns-5 gallery-size-thumbnail'><figure class='gallery-item'>\n\t\t\t<div class='gallery-icon landscape'>\n\t\t\t\t<a href='https:\/\/centralmedia.rs\/index.php\/2022\/08\/11\/palma-jagodina-turisticki-centar-srbije\/akva-park-8\/'><img loading=\"lazy\" decoding=\"async\" width=\"150\" height=\"150\" src=\"https:\/\/centralmedia.rs\/wp-content\/uploads\/2022\/08\/akva-park-1-150x150.jpg\" class=\"attachment-thumbnail size-thumbnail\" alt=\"\" \/><\/a>\n\t\t\t<\/div><\/figure><figure class='gallery-item'>\n\t\t\t<div class='gallery-icon landscape'>\n\t\t\t\t<a href='https:\/\/centralmedia.rs\/index.php\/2022\/08\/11\/palma-jagodina-turisticki-centar-srbije\/akva-park1-4\/'><img loading=\"lazy\" decoding=\"async\" width=\"150\" height=\"150\" src=\"https:\/\/centralmedia.rs\/wp-content\/uploads\/2022\/08\/akva-park1-1-150x150.jpg\" class=\"attachment-thumbnail size-thumbnail\" alt=\"\" \/><\/a>\n\t\t\t<\/div><\/figure><figure class='gallery-item'>\n\t\t\t<div class='gallery-icon landscape'>\n\t\t\t\t<a href='https:\/\/centralmedia.rs\/index.php\/2022\/08\/11\/palma-jagodina-turisticki-centar-srbije\/muzej-vostane-figure\/'><img loading=\"lazy\" decoding=\"async\" width=\"150\" height=\"150\" src=\"https:\/\/centralmedia.rs\/wp-content\/uploads\/2022\/08\/muzej-vostane-figure-150x150.jpg\" class=\"attachment-thumbnail size-thumbnail\" alt=\"\" \/><\/a>\n\t\t\t<\/div><\/figure><figure class='gallery-item'>\n\t\t\t<div class='gallery-icon portrait'>\n\t\t\t\t<a href='https:\/\/centralmedia.rs\/index.php\/2022\/08\/11\/palma-jagodina-turisticki-centar-srbije\/vodopad\/'><img loading=\"lazy\" decoding=\"async\" width=\"150\" height=\"150\" src=\"https:\/\/centralmedia.rs\/wp-content\/uploads\/2022\/08\/vodopad-150x150.jpg\" class=\"attachment-thumbnail size-thumbnail\" alt=\"\" \/><\/a>\n\t\t\t<\/div><\/figure><figure class='gallery-item'>\n\t\t\t<div class='gallery-icon landscape'>\n\t\t\t\t<a href='https:\/\/centralmedia.rs\/index.php\/2022\/08\/11\/palma-jagodina-turisticki-centar-srbije\/zoo\/'><img loading=\"lazy\" decoding=\"async\" width=\"150\" height=\"150\" src=\"https:\/\/centralmedia.rs\/wp-content\/uploads\/2022\/08\/zoo-150x150.jpg\" class=\"attachment-thumbnail size-thumbnail\" alt=\"\" \/><\/a>\n\t\t\t<\/div><\/figure>\n\t\t<\/div>\n\n<p>&#8221; U prethodne dve godine zbog epidemije koronavirusa nismo organizovali ovakve manifestacije ali ove godine, kao i prethodnih godina mo\u017eemo da se pohvalimo izuzetno dobrom turisti\u010dkom sezonom. Akva park radnim danom poseti 2500 &#8211; 3000 ljudi a vikendom i preko 5000 turista. Dolaze\u0107i u Akva park video sam automobile iz mnogo razli\u010ditih gradova \u0161irom Srbije ali jako puno ljudi i iz inostranstva. Dana\u0161nju manifestaciju posetilo je vi\u0161e od 8000 ljudi, a pozvao sam i predsednike gradskih i op\u0161tinskih odbora Jedinstvene Srbije iz gradova i op\u0161tina gde imamo odbornike, a to je 95 gradova i op\u0161tina u Srbiji. Njihov zadatak \u0107e u narednom periodu biti da se bore da u lokalne bud\u017eete u\u0111e samo ono \u0161to je prioritet za gra\u0111ane, a da se izbace iz bud\u017eeta luksuzne stavke. To \u0107e biti zadatak Jedinstvene Srbije u naredom periodu&#8221; izjavio je danas predsednik Jedinstvene Srbije Dragan Markovi\u0107 Palma obra\u0107aju\u0107i se novinarima u Jagodini na tradicionalnoj manifestaciji \u201cOtvoreni dan\u201d.<\/p>\n<p>&#8220;Vu\u010di\u0107 i Da\u010di\u0107 su napravili prohodnost u svetu i u politi\u010dkom ali i u tursiti\u010dkom i u ekonomskom smislu, a mi moramo da koristimo te bolje uslove koje su oni stvorili kako bi obezbedili bolji \u017eivot svojim gra\u0111anima&#8221;, rekao je Markovi\u0107 i nastavio :<\/p>\n<p>&#8221; Srbija je danas postala turisti\u010dka destinacija na turisti\u010dkoj mapi sveta i sve vi\u0161e turista dolazi u na\u0161u zemlji jer se mnogo toga izgradilo, a mi smo u Jagodini prvi u Srbiji izgradili Akva park i Jagodina ima jedini Muzej vo\u0161tanih figura u ovom delu Evrope i najve\u0107i ve\u0161ta\u010dki vodopad u ovom delu Evrope. Jagodini trenutno u letnjim\u00a0 msecima nedostaje 1000 le\u017eajeva dnevno za turiste. Vi danas na Bukingu ne mo\u017eete da na\u0111ete slobodnu sobu u Jagodini i to je moj poziv investitorima da do\u0111u i grade hotele u Jagodini. Isplativost hotela je kada je popunjenost kapaciteta 60 posto godi\u0161nje. U hotelima u Jagodini je popunjenost na godi\u0161njem nivou 85 posto, a u letnjim mesecima 100 posto.\u201d, izjavio je Markovi\u0107 i najavio za slede\u0107u godinu izgradnju novog tobogana u jagodinskom Akva parku du\u017eine 380 metara.<\/p>\n","protected":false},"excerpt":{"rendered":"<p>JAGODINA- Povodom manifestacije &#8220;Otvoreni dan&#8221; predsednik Jedinstvene Srbije, narodni poslanik i predsednik skup\u0161tine grada Jagodina Dragan Markovi\u0107 Palma obi\u0161ao je turisti\u010dke destinacije u Jagodini, i &hellip; <\/p>\n","protected":false},"author":2,"featured_media":32241,"comment_status":"open","ping_status":"open","sticky":false,"template":"","format":"standard","meta":{"footnotes":""},"categories":[1524,2,5643,1514,23,887,3054],"tags":[58,120,65],"_links":{"self":[{"href":"https:\/\/centralmedia.rs\/index.php\/wp-json\/wp\/v2\/posts\/32240"}],"collection":[{"href":"https:\/\/centralmedia.rs\/index.php\/wp-json\/wp\/v2\/posts"}],"about":[{"href":"https:\/\/centralmedia.rs\/index.php\/wp-json\/wp\/v2\/types\/post"}],"author":[{"embeddable":true,"href":"https:\/\/centralmedia.rs\/index.php\/wp-json\/wp\/v2\/users\/2"}],"replies":[{"embeddable":true,"href":"https:\/\/centralmedia.rs\/index.php\/wp-json\/wp\/v2\/comments?post=32240"}],"version-history":[{"count":1,"href":"https:\/\/centralmedia.rs\/index.php\/wp-json\/wp\/v2\/posts\/32240\/revisions"}],"predecessor-version":[{"id":32247,"href":"https:\/\/centralmedia.rs\/index.php\/wp-json\/wp\/v2\/posts\/32240\/revisions\/32247"}],"wp:featuredmedia":[{"embeddable":true,"href":"https:\/\/centralmedia.rs\/index.php\/wp-json\/wp\/v2\/media\/32241"}],"wp:attachment":[{"href":"https:\/\/centralmedia.rs\/index.php\/wp-json\/wp\/v2\/media?parent=32240"}],"wp:term":[{"taxonomy":"category","embeddable":true,"href":"https:\/\/centralmedia.rs\/index.php\/wp-json\/wp\/v2\/categories?post=32240"},{"taxonomy":"post_tag","embeddable":true,"href":"https:\/\/centralmedia.rs\/index.php\/wp-json\/wp\/v2\/tags?post=32240"}],"curies":[{"name":"wp","href":"https:\/\/api.w.org\/{rel}","templated":true}]}}