{"id":32248,"date":"2022-08-11T15:59:24","date_gmt":"2022-08-11T13:59:24","guid":{"rendered":"http:\/\/centralmedia.rs\/?p=32248"},"modified":"2022-08-17T19:40:16","modified_gmt":"2022-08-17T17:40:16","slug":"nema-zime-za-skole","status":"publish","type":"post","link":"https:\/\/centralmedia.rs\/index.php\/2022\/08\/11\/nema-zime-za-skole\/","title":{"rendered":"NEMA ZIME ZA \u0160KOLE"},"content":{"rendered":"<p>SVILAJNAC-U Srednju \u0161kolu \u201eSvilajnac\u201c i O\u0160 \u201eBranko Radi\u010devi\u0107\u201c iz Sedlara ove nedelje stigao je mazut, tako da ove, ali i sve ostale \u0161kole i korisnici spremno do\u010dekuju narednu grejnu sezonu:<\/p>\n<p>\u201eU saradnji sa lokalnom samoupravom blagovremeno smo sproveli procedure i stigla nam je planirana koli\u010dina mazuta za narednu grejnu sezonu, koju do\u010dekujemo spremni i premljeni\u201c \u2013 izjavila je Sla\u0111ana Stojanovi\u0107, direktorka Srednje \u0161kole Svilajnac.<\/p>\n<div id='gallery-1' class='gallery galleryid-32248 gallery-columns-3 gallery-size-thumbnail'><figure class='gallery-item'>\n\t\t\t<div class='gallery-icon landscape'>\n\t\t\t\t<a href='https:\/\/centralmedia.rs\/index.php\/2022\/08\/11\/nema-zime-za-skole\/skole-grejanje\/'><img loading=\"lazy\" decoding=\"async\" width=\"150\" height=\"150\" src=\"https:\/\/centralmedia.rs\/wp-content\/uploads\/2022\/08\/skole-grejanje-150x150.jpg\" class=\"attachment-thumbnail size-thumbnail\" alt=\"\" \/><\/a>\n\t\t\t<\/div><\/figure><figure class='gallery-item'>\n\t\t\t<div class='gallery-icon landscape'>\n\t\t\t\t<a href='https:\/\/centralmedia.rs\/index.php\/2022\/08\/11\/nema-zime-za-skole\/skole-grejanje1\/'><img loading=\"lazy\" decoding=\"async\" width=\"150\" height=\"150\" src=\"https:\/\/centralmedia.rs\/wp-content\/uploads\/2022\/08\/skole-grejanje1-150x150.jpg\" class=\"attachment-thumbnail size-thumbnail\" alt=\"\" \/><\/a>\n\t\t\t<\/div><\/figure><figure class='gallery-item'>\n\t\t\t<div class='gallery-icon landscape'>\n\t\t\t\t<a href='https:\/\/centralmedia.rs\/index.php\/2022\/08\/11\/nema-zime-za-skole\/skole-grejanje2\/'><img loading=\"lazy\" decoding=\"async\" width=\"150\" height=\"150\" src=\"https:\/\/centralmedia.rs\/wp-content\/uploads\/2022\/08\/skole-grejanje2-150x150.jpg\" class=\"attachment-thumbnail size-thumbnail\" alt=\"\" \/><\/a>\n\t\t\t<\/div><\/figure>\n\t\t<\/div>\n\n","protected":false},"excerpt":{"rendered":"<p>SVILAJNAC-U Srednju \u0161kolu \u201eSvilajnac\u201c i O\u0160 \u201eBranko Radi\u010devi\u0107\u201c iz Sedlara ove nedelje stigao je mazut, tako da ove, ali i sve ostale \u0161kole i korisnici &hellip; <\/p>\n","protected":false},"author":2,"featured_media":32249,"comment_status":"open","ping_status":"open","sticky":false,"template":"","format":"standard","meta":{"footnotes":""},"categories":[1524,2,887,16,12,1517,5785],"tags":[234,662,38,1464],"_links":{"self":[{"href":"https:\/\/centralmedia.rs\/index.php\/wp-json\/wp\/v2\/posts\/32248"}],"collection":[{"href":"https:\/\/centralmedia.rs\/index.php\/wp-json\/wp\/v2\/posts"}],"about":[{"href":"https:\/\/centralmedia.rs\/index.php\/wp-json\/wp\/v2\/types\/post"}],"author":[{"embeddable":true,"href":"https:\/\/centralmedia.rs\/index.php\/wp-json\/wp\/v2\/users\/2"}],"replies":[{"embeddable":true,"href":"https:\/\/centralmedia.rs\/index.php\/wp-json\/wp\/v2\/comments?post=32248"}],"version-history":[{"count":1,"href":"https:\/\/centralmedia.rs\/index.php\/wp-json\/wp\/v2\/posts\/32248\/revisions"}],"predecessor-version":[{"id":32252,"href":"https:\/\/centralmedia.rs\/index.php\/wp-json\/wp\/v2\/posts\/32248\/revisions\/32252"}],"wp:featuredmedia":[{"embeddable":true,"href":"https:\/\/centralmedia.rs\/index.php\/wp-json\/wp\/v2\/media\/32249"}],"wp:attachment":[{"href":"https:\/\/centralmedia.rs\/index.php\/wp-json\/wp\/v2\/media?parent=32248"}],"wp:term":[{"taxonomy":"category","embeddable":true,"href":"https:\/\/centralmedia.rs\/index.php\/wp-json\/wp\/v2\/categories?post=32248"},{"taxonomy":"post_tag","embeddable":true,"href":"https:\/\/centralmedia.rs\/index.php\/wp-json\/wp\/v2\/tags?post=32248"}],"curies":[{"name":"wp","href":"https:\/\/api.w.org\/{rel}","templated":true}]}}