{"id":32253,"date":"2022-08-11T16:04:50","date_gmt":"2022-08-11T14:04:50","guid":{"rendered":"http:\/\/centralmedia.rs\/?p=32253"},"modified":"2022-08-17T19:40:21","modified_gmt":"2022-08-17T17:40:21","slug":"lovci-iz-sedlara","status":"publish","type":"post","link":"https:\/\/centralmedia.rs\/index.php\/2022\/08\/11\/lovci-iz-sedlara\/","title":{"rendered":"LOVCI IZ SEDLARA"},"content":{"rendered":"<p>SVILAJNAC-Lova\u010dko udru\u017eenje \u201eFazan\u201c iz Sedlara kupilo je plac i po\u010delo rekonstrukciju prostorija za novi lova\u010dki dom, koji \u0107e biti upravna zgrada, a radove na ovom objektu, koji su u toku, obi\u0161ao je predsednik op\u0161tine Svilajnac Predrag Milanovi\u0107:<\/p>\n<p>\u201ePro\u0161le godine Udru\u017eenje je kupilo nov objekat koji \u0107e biti u njihovom vlasni\u0161tvu i dogovorili smo se da iz bud\u017eeta op\u0161tine Svilajnac izdvojimo sredstva za rekonstrukciju, a vrednost radova je oko 7,5 miliona dinara\u201c \u2013 izjavio je on istakav\u0161i da se radi i novi lova\u010dki dom u Grabovcu koji je bio sru\u0161en zbog gasovoda.<\/p>\n<div id='gallery-1' class='gallery galleryid-32253 gallery-columns-3 gallery-size-thumbnail'><figure class='gallery-item'>\n\t\t\t<div class='gallery-icon landscape'>\n\t\t\t\t<a href='https:\/\/centralmedia.rs\/index.php\/2022\/08\/11\/lovci-iz-sedlara\/lovci-12\/'><img loading=\"lazy\" decoding=\"async\" width=\"150\" height=\"150\" src=\"https:\/\/centralmedia.rs\/wp-content\/uploads\/2022\/08\/lovci-150x150.jpg\" class=\"attachment-thumbnail size-thumbnail\" alt=\"\" \/><\/a>\n\t\t\t<\/div><\/figure><figure class='gallery-item'>\n\t\t\t<div class='gallery-icon landscape'>\n\t\t\t\t<a href='https:\/\/centralmedia.rs\/index.php\/2022\/08\/11\/lovci-iz-sedlara\/lovci1-4\/'><img loading=\"lazy\" decoding=\"async\" width=\"150\" height=\"150\" src=\"https:\/\/centralmedia.rs\/wp-content\/uploads\/2022\/08\/lovci1-150x150.jpg\" class=\"attachment-thumbnail size-thumbnail\" alt=\"\" \/><\/a>\n\t\t\t<\/div><\/figure><figure class='gallery-item'>\n\t\t\t<div class='gallery-icon landscape'>\n\t\t\t\t<a href='https:\/\/centralmedia.rs\/index.php\/2022\/08\/11\/lovci-iz-sedlara\/lovci2-6\/'><img loading=\"lazy\" decoding=\"async\" width=\"150\" height=\"150\" src=\"https:\/\/centralmedia.rs\/wp-content\/uploads\/2022\/08\/lovci2-150x150.jpg\" class=\"attachment-thumbnail size-thumbnail\" alt=\"\" \/><\/a>\n\t\t\t<\/div><\/figure>\n\t\t<\/div>\n\n","protected":false},"excerpt":{"rendered":"<p>SVILAJNAC-Lova\u010dko udru\u017eenje \u201eFazan\u201c iz Sedlara kupilo je plac i po\u010delo rekonstrukciju prostorija za novi lova\u010dki dom, koji \u0107e biti upravna zgrada, a radove na ovom &hellip; <\/p>\n","protected":false},"author":2,"featured_media":32254,"comment_status":"open","ping_status":"open","sticky":false,"template":"","format":"standard","meta":{"footnotes":""},"categories":[1524,2,23,887,1517,5785,3054],"tags":[1786,727,38],"_links":{"self":[{"href":"https:\/\/centralmedia.rs\/index.php\/wp-json\/wp\/v2\/posts\/32253"}],"collection":[{"href":"https:\/\/centralmedia.rs\/index.php\/wp-json\/wp\/v2\/posts"}],"about":[{"href":"https:\/\/centralmedia.rs\/index.php\/wp-json\/wp\/v2\/types\/post"}],"author":[{"embeddable":true,"href":"https:\/\/centralmedia.rs\/index.php\/wp-json\/wp\/v2\/users\/2"}],"replies":[{"embeddable":true,"href":"https:\/\/centralmedia.rs\/index.php\/wp-json\/wp\/v2\/comments?post=32253"}],"version-history":[{"count":1,"href":"https:\/\/centralmedia.rs\/index.php\/wp-json\/wp\/v2\/posts\/32253\/revisions"}],"predecessor-version":[{"id":32258,"href":"https:\/\/centralmedia.rs\/index.php\/wp-json\/wp\/v2\/posts\/32253\/revisions\/32258"}],"wp:featuredmedia":[{"embeddable":true,"href":"https:\/\/centralmedia.rs\/index.php\/wp-json\/wp\/v2\/media\/32254"}],"wp:attachment":[{"href":"https:\/\/centralmedia.rs\/index.php\/wp-json\/wp\/v2\/media?parent=32253"}],"wp:term":[{"taxonomy":"category","embeddable":true,"href":"https:\/\/centralmedia.rs\/index.php\/wp-json\/wp\/v2\/categories?post=32253"},{"taxonomy":"post_tag","embeddable":true,"href":"https:\/\/centralmedia.rs\/index.php\/wp-json\/wp\/v2\/tags?post=32253"}],"curies":[{"name":"wp","href":"https:\/\/api.w.org\/{rel}","templated":true}]}}