{"id":32291,"date":"2022-08-17T18:22:38","date_gmt":"2022-08-17T16:22:38","guid":{"rendered":"http:\/\/centralmedia.rs\/?p=32291"},"modified":"2022-08-17T18:23:15","modified_gmt":"2022-08-17T16:23:15","slug":"koncert-folklora","status":"publish","type":"post","link":"https:\/\/centralmedia.rs\/index.php\/2022\/08\/17\/koncert-folklora\/","title":{"rendered":"KONCERT FOLKLORA"},"content":{"rendered":"<p>SVILAJNAC-U okviru kulturno &#8211; zabavnog leta, u selima Vrlane, \u0110urinac i Ku\u0161iljevo organizovani su koncerti folklornih ansambala sa teritorije svilajna\u010dke op\u0161tine. U Ku\u0161iljevu su u programu u\u010destvovali KUD &#8220;Sin\u0111eli\u0107&#8221; -Svilajnac, KUD &#8220;Ku\u0161iljevo&#8221;- Ku\u0161iljevo, KUD &#8220;Dimitrije Kati\u0107&#8221;- Crkvenac I KUD &#8220;Stevan Sin\u0111eli\u0107 Vojska&#8221; \u2013 Vojska. Koncert folklornih ansambala u ovom sastavu bi\u0107e odr\u017ean u Svilajncu, 23. avgusta, na Trgu Stevana Sin\u0111eli\u0107a.<\/p>\n<div id='gallery-1' class='gallery galleryid-32291 gallery-columns-5 gallery-size-thumbnail'><figure class='gallery-item'>\n\t\t\t<div class='gallery-icon landscape'>\n\t\t\t\t<a href='https:\/\/centralmedia.rs\/index.php\/2022\/08\/17\/koncert-folklora\/kud1-2\/'><img loading=\"lazy\" decoding=\"async\" width=\"150\" height=\"150\" src=\"https:\/\/centralmedia.rs\/wp-content\/uploads\/2022\/08\/kud1-150x150.jpg\" class=\"attachment-thumbnail size-thumbnail\" alt=\"\" \/><\/a>\n\t\t\t<\/div><\/figure><figure class='gallery-item'>\n\t\t\t<div class='gallery-icon landscape'>\n\t\t\t\t<a href='https:\/\/centralmedia.rs\/index.php\/2022\/08\/17\/koncert-folklora\/kud2-2\/'><img loading=\"lazy\" decoding=\"async\" width=\"150\" height=\"150\" src=\"https:\/\/centralmedia.rs\/wp-content\/uploads\/2022\/08\/kud2-150x150.jpg\" class=\"attachment-thumbnail size-thumbnail\" alt=\"\" \/><\/a>\n\t\t\t<\/div><\/figure><figure class='gallery-item'>\n\t\t\t<div class='gallery-icon landscape'>\n\t\t\t\t<a href='https:\/\/centralmedia.rs\/index.php\/2022\/08\/17\/koncert-folklora\/kud3\/'><img loading=\"lazy\" decoding=\"async\" width=\"150\" height=\"150\" src=\"https:\/\/centralmedia.rs\/wp-content\/uploads\/2022\/08\/kud3-150x150.jpg\" class=\"attachment-thumbnail size-thumbnail\" alt=\"\" \/><\/a>\n\t\t\t<\/div><\/figure><figure class='gallery-item'>\n\t\t\t<div class='gallery-icon landscape'>\n\t\t\t\t<a href='https:\/\/centralmedia.rs\/index.php\/2022\/08\/17\/koncert-folklora\/kud4-2\/'><img loading=\"lazy\" decoding=\"async\" width=\"150\" height=\"150\" src=\"https:\/\/centralmedia.rs\/wp-content\/uploads\/2022\/08\/kud4-150x150.jpg\" class=\"attachment-thumbnail size-thumbnail\" alt=\"\" \/><\/a>\n\t\t\t<\/div><\/figure><figure class='gallery-item'>\n\t\t\t<div class='gallery-icon landscape'>\n\t\t\t\t<a href='https:\/\/centralmedia.rs\/index.php\/2022\/08\/17\/koncert-folklora\/kud5\/'><img loading=\"lazy\" decoding=\"async\" width=\"150\" height=\"150\" src=\"https:\/\/centralmedia.rs\/wp-content\/uploads\/2022\/08\/kud5-150x150.jpg\" class=\"attachment-thumbnail size-thumbnail\" alt=\"\" \/><\/a>\n\t\t\t<\/div><\/figure>\n\t\t<\/div>\n\n","protected":false},"excerpt":{"rendered":"<p>SVILAJNAC-U okviru kulturno &#8211; zabavnog leta, u selima Vrlane, \u0110urinac i Ku\u0161iljevo organizovani su koncerti folklornih ansambala sa teritorije svilajna\u010dke op\u0161tine. U Ku\u0161iljevu su u &hellip; <\/p>\n","protected":false},"author":2,"featured_media":32292,"comment_status":"open","ping_status":"open","sticky":false,"template":"","format":"standard","meta":{"footnotes":""},"categories":[1524,2,23,887,5785,1517,3055],"tags":[3864,38],"_links":{"self":[{"href":"https:\/\/centralmedia.rs\/index.php\/wp-json\/wp\/v2\/posts\/32291"}],"collection":[{"href":"https:\/\/centralmedia.rs\/index.php\/wp-json\/wp\/v2\/posts"}],"about":[{"href":"https:\/\/centralmedia.rs\/index.php\/wp-json\/wp\/v2\/types\/post"}],"author":[{"embeddable":true,"href":"https:\/\/centralmedia.rs\/index.php\/wp-json\/wp\/v2\/users\/2"}],"replies":[{"embeddable":true,"href":"https:\/\/centralmedia.rs\/index.php\/wp-json\/wp\/v2\/comments?post=32291"}],"version-history":[{"count":2,"href":"https:\/\/centralmedia.rs\/index.php\/wp-json\/wp\/v2\/posts\/32291\/revisions"}],"predecessor-version":[{"id":32299,"href":"https:\/\/centralmedia.rs\/index.php\/wp-json\/wp\/v2\/posts\/32291\/revisions\/32299"}],"wp:featuredmedia":[{"embeddable":true,"href":"https:\/\/centralmedia.rs\/index.php\/wp-json\/wp\/v2\/media\/32292"}],"wp:attachment":[{"href":"https:\/\/centralmedia.rs\/index.php\/wp-json\/wp\/v2\/media?parent=32291"}],"wp:term":[{"taxonomy":"category","embeddable":true,"href":"https:\/\/centralmedia.rs\/index.php\/wp-json\/wp\/v2\/categories?post=32291"},{"taxonomy":"post_tag","embeddable":true,"href":"https:\/\/centralmedia.rs\/index.php\/wp-json\/wp\/v2\/tags?post=32291"}],"curies":[{"name":"wp","href":"https:\/\/api.w.org\/{rel}","templated":true}]}}