{"id":32300,"date":"2022-08-17T18:25:59","date_gmt":"2022-08-17T16:25:59","guid":{"rendered":"http:\/\/centralmedia.rs\/?p=32300"},"modified":"2022-08-17T19:41:16","modified_gmt":"2022-08-17T17:41:16","slug":"kjp-morava","status":"publish","type":"post","link":"https:\/\/centralmedia.rs\/index.php\/2022\/08\/17\/kjp-morava\/","title":{"rendered":"KJP MORAVA"},"content":{"rendered":"<p>SVILAJNAC-Komunalno-javno preduze\u0107e \u201eMorava\u201c Svilajnac, uz podr\u0161ku op\u0161tine Svilajnac, nabavilo je novi kamion za odno\u0161enje sme\u0107a, najve\u0107i koji poseduje i kojim \u0107e se pre svega pove\u0107ati bezbednost radnika:<\/p>\n<p>\u201eTrenutno imamo sedam kamiona za odno\u0161enje sme\u0107a, u redovnim uslovima treba \u010detiri, tokom leta pet, imamo i dva rezervna. Siguran sam da mo\u017eda i najbolje u Srbiji obavljamo komunalne poslove i usluge, a svakako \u0107emo i dalje obnavljati i pro\u0161irivati vozni park komunalnog preduze\u0107a\u201c \u2013 izjavio je predsednik op\u0161tine Svilajnac Predrag Milanovi\u0107 i dodao da je Svilajnac jedna od retkih op\u0161tina koja tokom letnjih vru\u0107ina nije imala problem sa vodosnabdevanjem.<\/p>\n<div id='gallery-1' class='gallery galleryid-32300 gallery-columns-3 gallery-size-thumbnail'><figure class='gallery-item'>\n\t\t\t<div class='gallery-icon landscape'>\n\t\t\t\t<a href='https:\/\/centralmedia.rs\/index.php\/2022\/08\/17\/kjp-morava\/kamion-2\/'><img loading=\"lazy\" decoding=\"async\" width=\"150\" height=\"150\" src=\"https:\/\/centralmedia.rs\/wp-content\/uploads\/2022\/08\/kamion-1-150x150.jpg\" class=\"attachment-thumbnail size-thumbnail\" alt=\"\" \/><\/a>\n\t\t\t<\/div><\/figure><figure class='gallery-item'>\n\t\t\t<div class='gallery-icon landscape'>\n\t\t\t\t<a href='https:\/\/centralmedia.rs\/index.php\/2022\/08\/17\/kjp-morava\/kamion1\/'><img loading=\"lazy\" decoding=\"async\" width=\"150\" height=\"150\" src=\"https:\/\/centralmedia.rs\/wp-content\/uploads\/2022\/08\/kamion1-150x150.jpg\" class=\"attachment-thumbnail size-thumbnail\" alt=\"\" \/><\/a>\n\t\t\t<\/div><\/figure><figure class='gallery-item'>\n\t\t\t<div class='gallery-icon landscape'>\n\t\t\t\t<a href='https:\/\/centralmedia.rs\/index.php\/2022\/08\/17\/kjp-morava\/kamion2\/'><img loading=\"lazy\" decoding=\"async\" width=\"150\" height=\"150\" src=\"https:\/\/centralmedia.rs\/wp-content\/uploads\/2022\/08\/kamion2-150x150.jpg\" class=\"attachment-thumbnail size-thumbnail\" alt=\"\" \/><\/a>\n\t\t\t<\/div><\/figure>\n\t\t<\/div>\n\n<p>\u201eOp\u0161tina Svilajnac zajedno sa Komunalnim\u2014javnim preduze\u0107em \u201eMorava\u201c ula\u017ee mnogo u svoju infrastrukturu i u narednih godinu do dve dana ima\u0107emo 100% pokrivenost teritorije na\u0161e op\u0161tine sa vodovodnom mre\u017eom. Time \u0107emo svakom gra\u0111aninu obezbediti mogu\u0107nost da ima ispravnu vodu za pi\u0107e\u201c \u2013 dodaje Milanovi\u0107 i najavljuje da se \u010deka i isporuka novog vozila koje \u0107e slu\u017eiti za pranje i dezinfekciju kontejnera, grafita i trotoara.<\/p>\n","protected":false},"excerpt":{"rendered":"<p>SVILAJNAC-Komunalno-javno preduze\u0107e \u201eMorava\u201c Svilajnac, uz podr\u0161ku op\u0161tine Svilajnac, nabavilo je novi kamion za odno\u0161enje sme\u0107a, najve\u0107i koji poseduje i kojim \u0107e se pre svega pove\u0107ati &hellip; <\/p>\n","protected":false},"author":2,"featured_media":32301,"comment_status":"open","ping_status":"open","sticky":false,"template":"","format":"standard","meta":{"footnotes":""},"categories":[1524,2,887,16,12,1517,5785],"tags":[2641,5063,38],"_links":{"self":[{"href":"https:\/\/centralmedia.rs\/index.php\/wp-json\/wp\/v2\/posts\/32300"}],"collection":[{"href":"https:\/\/centralmedia.rs\/index.php\/wp-json\/wp\/v2\/posts"}],"about":[{"href":"https:\/\/centralmedia.rs\/index.php\/wp-json\/wp\/v2\/types\/post"}],"author":[{"embeddable":true,"href":"https:\/\/centralmedia.rs\/index.php\/wp-json\/wp\/v2\/users\/2"}],"replies":[{"embeddable":true,"href":"https:\/\/centralmedia.rs\/index.php\/wp-json\/wp\/v2\/comments?post=32300"}],"version-history":[{"count":1,"href":"https:\/\/centralmedia.rs\/index.php\/wp-json\/wp\/v2\/posts\/32300\/revisions"}],"predecessor-version":[{"id":32305,"href":"https:\/\/centralmedia.rs\/index.php\/wp-json\/wp\/v2\/posts\/32300\/revisions\/32305"}],"wp:featuredmedia":[{"embeddable":true,"href":"https:\/\/centralmedia.rs\/index.php\/wp-json\/wp\/v2\/media\/32301"}],"wp:attachment":[{"href":"https:\/\/centralmedia.rs\/index.php\/wp-json\/wp\/v2\/media?parent=32300"}],"wp:term":[{"taxonomy":"category","embeddable":true,"href":"https:\/\/centralmedia.rs\/index.php\/wp-json\/wp\/v2\/categories?post=32300"},{"taxonomy":"post_tag","embeddable":true,"href":"https:\/\/centralmedia.rs\/index.php\/wp-json\/wp\/v2\/tags?post=32300"}],"curies":[{"name":"wp","href":"https:\/\/api.w.org\/{rel}","templated":true}]}}