{"id":3232,"date":"2016-05-30T13:14:41","date_gmt":"2016-05-30T13:14:41","guid":{"rendered":"http:\/\/centralmedia.rs\/?p=3232"},"modified":"2016-05-30T13:14:41","modified_gmt":"2016-05-30T13:14:41","slug":"mladici-se-tukli-u-hitnoj-pomoci","status":"publish","type":"post","link":"https:\/\/centralmedia.rs\/index.php\/2016\/05\/30\/mladici-se-tukli-u-hitnoj-pomoci\/","title":{"rendered":"MLADI\u0106I SE TUKLI U HITNOJ POMO\u0106I"},"content":{"rendered":"<p>PARA\u0106IN-Nenad Dimitrijevi\u0107 (19) iz Para\u0107ina, koji je kasno sino\u0107 dopremljen u \u0107uprijsku bolnicu na Odeljenje maksiofacijalne hirurgije sa prelomom nosa, dobro se ose\u0107a, nije \u017eivotno ugro\u017een  i uskoro \u0107e biti pu\u0161ten na ku\u0107no le\u010denje, saop\u0161teno je iz te bolnice.<a href=\"https:\/\/centralmedia.rs\/wp-content\/uploads\/2016\/05\/hitna-pomoc-paracin-f.b..jpg\"><img loading=\"lazy\" decoding=\"async\" src=\"https:\/\/centralmedia.rs\/wp-content\/uploads\/2016\/05\/hitna-pomoc-paracin-f.b.-225x300.jpg\" alt=\"hitna pomoc-paracin-f.b.\" width=\"225\" height=\"300\" class=\"alignnone size-medium wp-image-3234\" srcset=\"https:\/\/centralmedia.rs\/wp-content\/uploads\/2016\/05\/hitna-pomoc-paracin-f.b.-225x300.jpg 225w, https:\/\/centralmedia.rs\/wp-content\/uploads\/2016\/05\/hitna-pomoc-paracin-f.b..jpg 675w\" sizes=\"(max-width: 225px) 100vw, 225px\" \/><\/a><br \/>\n     Tu\u010da dve grupe mladi\u0107a  sino\u0107 oko 23 \u010dasa u centru Para\u0107ina nastavljena je, prilikom lekarske intervencije, u prostorijama hitne pomo\u0107i u Para\u0107inu, gde je  o\u0161te\u0107en inventar. Nekoliko u\u010desnika tu\u010de zadobilo je lak\u0161e povrede, ali niko od medicinskog osoblja nije povredjen. Policija je identifikovala po\u010dinioce i kako saznajemo podne\u0107e odgovaraju\u0107e prekr\u0161ajne i klrivi\u010dne prijave.Za sada je poznato da sec radi o grupama mladi\u0107a iz naselja Dankovo i ulice Cara Du\u0161ana u Para\u0107inu.<\/p>\n","protected":false},"excerpt":{"rendered":"<p>PARA\u0106IN-Nenad Dimitrijevi\u0107 (19) iz Para\u0107ina, koji je kasno sino\u0107 dopremljen u \u0107uprijsku bolnicu na Odeljenje maksiofacijalne hirurgije sa prelomom nosa, dobro se ose\u0107a, nije \u017eivotno &hellip; <\/p>\n","protected":false},"author":4,"featured_media":3233,"comment_status":"open","ping_status":"open","sticky":false,"template":"","format":"standard","meta":{"footnotes":""},"categories":[20,2,12],"tags":[833,156,832],"_links":{"self":[{"href":"https:\/\/centralmedia.rs\/index.php\/wp-json\/wp\/v2\/posts\/3232"}],"collection":[{"href":"https:\/\/centralmedia.rs\/index.php\/wp-json\/wp\/v2\/posts"}],"about":[{"href":"https:\/\/centralmedia.rs\/index.php\/wp-json\/wp\/v2\/types\/post"}],"author":[{"embeddable":true,"href":"https:\/\/centralmedia.rs\/index.php\/wp-json\/wp\/v2\/users\/4"}],"replies":[{"embeddable":true,"href":"https:\/\/centralmedia.rs\/index.php\/wp-json\/wp\/v2\/comments?post=3232"}],"version-history":[{"count":0,"href":"https:\/\/centralmedia.rs\/index.php\/wp-json\/wp\/v2\/posts\/3232\/revisions"}],"wp:featuredmedia":[{"embeddable":true,"href":"https:\/\/centralmedia.rs\/index.php\/wp-json\/wp\/v2\/media\/3233"}],"wp:attachment":[{"href":"https:\/\/centralmedia.rs\/index.php\/wp-json\/wp\/v2\/media?parent=3232"}],"wp:term":[{"taxonomy":"category","embeddable":true,"href":"https:\/\/centralmedia.rs\/index.php\/wp-json\/wp\/v2\/categories?post=3232"},{"taxonomy":"post_tag","embeddable":true,"href":"https:\/\/centralmedia.rs\/index.php\/wp-json\/wp\/v2\/tags?post=3232"}],"curies":[{"name":"wp","href":"https:\/\/api.w.org\/{rel}","templated":true}]}}