{"id":32358,"date":"2022-08-18T23:22:11","date_gmt":"2022-08-18T21:22:11","guid":{"rendered":"http:\/\/centralmedia.rs\/?p=32358"},"modified":"2022-08-23T13:55:41","modified_gmt":"2022-08-23T11:55:41","slug":"letnja-praksa-studenata-fpnj-u-deonici","status":"publish","type":"post","link":"https:\/\/centralmedia.rs\/index.php\/2022\/08\/18\/letnja-praksa-studenata-fpnj-u-deonici\/","title":{"rendered":"LETNjA PRAKSA STUDENATA FPNJ U DEONICI"},"content":{"rendered":"<p>JAGODINA-Studenti Fakulteta pedago\u0161kih nauka ovih dana realizuju letnju praksu, a prvi dan proveli su u O\u0160 \u201eBo\u0161ko \u0110uri\u010di\u0107\u201c u selu Deonica kod Jagodine.<\/p>\n<div id='gallery-1' class='gallery galleryid-32358 gallery-columns-5 gallery-size-thumbnail'><figure class='gallery-item'>\n\t\t\t<div class='gallery-icon landscape'>\n\t\t\t\t<a href='https:\/\/centralmedia.rs\/index.php\/2022\/08\/18\/letnja-praksa-studenata-fpnj-u-deonici\/letnaj-praksa\/'><img loading=\"lazy\" decoding=\"async\" width=\"150\" height=\"150\" src=\"https:\/\/centralmedia.rs\/wp-content\/uploads\/2022\/08\/letnaj-praksa-150x150.jpg\" class=\"attachment-thumbnail size-thumbnail\" alt=\"\" \/><\/a>\n\t\t\t<\/div><\/figure><figure class='gallery-item'>\n\t\t\t<div class='gallery-icon landscape'>\n\t\t\t\t<a href='https:\/\/centralmedia.rs\/index.php\/2022\/08\/18\/letnja-praksa-studenata-fpnj-u-deonici\/letnaj-praksa2\/'><img loading=\"lazy\" decoding=\"async\" width=\"150\" height=\"150\" src=\"https:\/\/centralmedia.rs\/wp-content\/uploads\/2022\/08\/letnaj-praksa2-150x150.jpg\" class=\"attachment-thumbnail size-thumbnail\" alt=\"\" \/><\/a>\n\t\t\t<\/div><\/figure><figure class='gallery-item'>\n\t\t\t<div class='gallery-icon portrait'>\n\t\t\t\t<a href='https:\/\/centralmedia.rs\/index.php\/2022\/08\/18\/letnja-praksa-studenata-fpnj-u-deonici\/letnaj-praksa3\/'><img loading=\"lazy\" decoding=\"async\" width=\"150\" height=\"150\" src=\"https:\/\/centralmedia.rs\/wp-content\/uploads\/2022\/08\/letnaj-praksa3-150x150.jpg\" class=\"attachment-thumbnail size-thumbnail\" alt=\"\" \/><\/a>\n\t\t\t<\/div><\/figure><figure class='gallery-item'>\n\t\t\t<div class='gallery-icon portrait'>\n\t\t\t\t<a href='https:\/\/centralmedia.rs\/index.php\/2022\/08\/18\/letnja-praksa-studenata-fpnj-u-deonici\/letnaj-praksa4\/'><img loading=\"lazy\" decoding=\"async\" width=\"150\" height=\"150\" src=\"https:\/\/centralmedia.rs\/wp-content\/uploads\/2022\/08\/letnaj-praksa4-150x150.jpg\" class=\"attachment-thumbnail size-thumbnail\" alt=\"\" \/><\/a>\n\t\t\t<\/div><\/figure><figure class='gallery-item'>\n\t\t\t<div class='gallery-icon landscape'>\n\t\t\t\t<a href='https:\/\/centralmedia.rs\/index.php\/2022\/08\/18\/letnja-praksa-studenata-fpnj-u-deonici\/letnaj-praksa1\/'><img loading=\"lazy\" decoding=\"async\" width=\"150\" height=\"150\" src=\"https:\/\/centralmedia.rs\/wp-content\/uploads\/2022\/08\/letnaj-praksa1-150x150.jpg\" class=\"attachment-thumbnail size-thumbnail\" alt=\"\" \/><\/a>\n\t\t\t<\/div><\/figure>\n\t\t<\/div>\n\n<p>Program prakse bi\u0107e realizovan svakog radnog dana do po\u010detka \u0161kolske godine. Sa u\u010denicima se radi volonterski, kroz radionice i igru, a cilj je da se pomogne deci da se \u0161to bolje pripreme za po\u010detak narednog razreda u vreme kada su njihovi roditelji i uku\u0107ani zauzeti poljoprivrednim poslovima.<\/p>\n<p>U\u010desnici: Sne\u017eana Aleksi\u0107, Nina Petrovi\u0107, Sandra Stevanovi\u0107, An\u0111ela Stevanovi\u0107, Jelena \u0110alovi\u0107.<\/p>\n","protected":false},"excerpt":{"rendered":"<p>JAGODINA-Studenti Fakulteta pedago\u0161kih nauka ovih dana realizuju letnju praksu, a prvi dan proveli su u O\u0160 \u201eBo\u0161ko \u0110uri\u010di\u0107\u201c u selu Deonica kod Jagodine. Program prakse &hellip; <\/p>\n","protected":false},"author":2,"featured_media":32359,"comment_status":"open","ping_status":"open","sticky":false,"template":"","format":"standard","meta":{"footnotes":""},"categories":[14,1524,2,1514,5643,887,12],"tags":[5929,2531,58,4675],"_links":{"self":[{"href":"https:\/\/centralmedia.rs\/index.php\/wp-json\/wp\/v2\/posts\/32358"}],"collection":[{"href":"https:\/\/centralmedia.rs\/index.php\/wp-json\/wp\/v2\/posts"}],"about":[{"href":"https:\/\/centralmedia.rs\/index.php\/wp-json\/wp\/v2\/types\/post"}],"author":[{"embeddable":true,"href":"https:\/\/centralmedia.rs\/index.php\/wp-json\/wp\/v2\/users\/2"}],"replies":[{"embeddable":true,"href":"https:\/\/centralmedia.rs\/index.php\/wp-json\/wp\/v2\/comments?post=32358"}],"version-history":[{"count":1,"href":"https:\/\/centralmedia.rs\/index.php\/wp-json\/wp\/v2\/posts\/32358\/revisions"}],"predecessor-version":[{"id":32364,"href":"https:\/\/centralmedia.rs\/index.php\/wp-json\/wp\/v2\/posts\/32358\/revisions\/32364"}],"wp:featuredmedia":[{"embeddable":true,"href":"https:\/\/centralmedia.rs\/index.php\/wp-json\/wp\/v2\/media\/32359"}],"wp:attachment":[{"href":"https:\/\/centralmedia.rs\/index.php\/wp-json\/wp\/v2\/media?parent=32358"}],"wp:term":[{"taxonomy":"category","embeddable":true,"href":"https:\/\/centralmedia.rs\/index.php\/wp-json\/wp\/v2\/categories?post=32358"},{"taxonomy":"post_tag","embeddable":true,"href":"https:\/\/centralmedia.rs\/index.php\/wp-json\/wp\/v2\/tags?post=32358"}],"curies":[{"name":"wp","href":"https:\/\/api.w.org\/{rel}","templated":true}]}}