{"id":3236,"date":"2016-05-30T20:22:22","date_gmt":"2016-05-30T20:22:22","guid":{"rendered":"http:\/\/centralmedia.rs\/?p=3236"},"modified":"2016-05-30T20:22:22","modified_gmt":"2016-05-30T20:22:22","slug":"saobracajna-nezgoda-kod-despotovca-mladicu-povredena-glava","status":"publish","type":"post","link":"https:\/\/centralmedia.rs\/index.php\/2016\/05\/30\/saobracajna-nezgoda-kod-despotovca-mladicu-povredena-glava\/","title":{"rendered":"SAOBRA\u0106AJNA NEZGODA KOD DESPOTOVCA &#8211; MLADI\u0106U POVRE\u0110ENA GLAVA"},"content":{"rendered":"<p>DESPOTOVAC-U sudaru dva automobila ve\u010deras oko 21.30 na regionalnom putu Jagodina-Despotovac kod Balajnca povre\u0111en je mladi\u0107 iz Virina kod \u0106uprije, dok je stariji Jagodinac bez vidljivih povreda.<a href=\"https:\/\/centralmedia.rs\/wp-content\/uploads\/2016\/05\/saobracajka-2-despotovac-g.j..jpg\"><img loading=\"lazy\" decoding=\"async\" src=\"https:\/\/centralmedia.rs\/wp-content\/uploads\/2016\/05\/saobracajka-2-despotovac-g.j.-300x225.jpg\" alt=\"saobracajka 2-despotovac-g.j.\" width=\"300\" height=\"225\" class=\"alignnone size-medium wp-image-3238\" srcset=\"https:\/\/centralmedia.rs\/wp-content\/uploads\/2016\/05\/saobracajka-2-despotovac-g.j.-300x225.jpg 300w, https:\/\/centralmedia.rs\/wp-content\/uploads\/2016\/05\/saobracajka-2-despotovac-g.j.-768x576.jpg 768w, https:\/\/centralmedia.rs\/wp-content\/uploads\/2016\/05\/saobracajka-2-despotovac-g.j.-80x60.jpg 80w, https:\/\/centralmedia.rs\/wp-content\/uploads\/2016\/05\/saobracajka-2-despotovac-g.j.-265x198.jpg 265w, https:\/\/centralmedia.rs\/wp-content\/uploads\/2016\/05\/saobracajka-2-despotovac-g.j..jpg 900w\" sizes=\"(max-width: 300px) 100vw, 300px\" \/><\/a> Obojicu je Slu\u017eba hitne pomo\u0107i iz Despotovca  uputila na dodatne preglede. Mladi\u0107 ima povrede na glavi i njemu je ukazana prva pomo\u0107, on je upravljao automobilom marke golf, dok stariji \u010dovek renaultom. <a href=\"https:\/\/centralmedia.rs\/wp-content\/uploads\/2016\/05\/saobracajka-1-despotovac-g.j..jpg\"><img loading=\"lazy\" decoding=\"async\" src=\"https:\/\/centralmedia.rs\/wp-content\/uploads\/2016\/05\/saobracajka-1-despotovac-g.j.-300x225.jpg\" alt=\"saobracajka 1-despotovac-g.j.\" width=\"300\" height=\"225\" class=\"alignnone size-medium wp-image-3239\" srcset=\"https:\/\/centralmedia.rs\/wp-content\/uploads\/2016\/05\/saobracajka-1-despotovac-g.j.-300x225.jpg 300w, https:\/\/centralmedia.rs\/wp-content\/uploads\/2016\/05\/saobracajka-1-despotovac-g.j.-768x576.jpg 768w, https:\/\/centralmedia.rs\/wp-content\/uploads\/2016\/05\/saobracajka-1-despotovac-g.j.-80x60.jpg 80w, https:\/\/centralmedia.rs\/wp-content\/uploads\/2016\/05\/saobracajka-1-despotovac-g.j.-265x198.jpg 265w, https:\/\/centralmedia.rs\/wp-content\/uploads\/2016\/05\/saobracajka-1-despotovac-g.j..jpg 900w\" sizes=\"(max-width: 300px) 100vw, 300px\" \/><\/a>Pretpostavlja se da je uzrok nezgode bila neprilago\u0111ena brzina uslovima na putu.<\/p>\n","protected":false},"excerpt":{"rendered":"<p>DESPOTOVAC-U sudaru dva automobila ve\u010deras oko 21.30 na regionalnom putu Jagodina-Despotovac kod Balajnca povre\u0111en je mladi\u0107 iz Virina kod \u0106uprije, dok je stariji Jagodinac bez &hellip; <\/p>\n","protected":false},"author":4,"featured_media":3237,"comment_status":"open","ping_status":"open","sticky":false,"template":"","format":"standard","meta":{"footnotes":""},"categories":[20,2,12],"tags":[51,834,290],"_links":{"self":[{"href":"https:\/\/centralmedia.rs\/index.php\/wp-json\/wp\/v2\/posts\/3236"}],"collection":[{"href":"https:\/\/centralmedia.rs\/index.php\/wp-json\/wp\/v2\/posts"}],"about":[{"href":"https:\/\/centralmedia.rs\/index.php\/wp-json\/wp\/v2\/types\/post"}],"author":[{"embeddable":true,"href":"https:\/\/centralmedia.rs\/index.php\/wp-json\/wp\/v2\/users\/4"}],"replies":[{"embeddable":true,"href":"https:\/\/centralmedia.rs\/index.php\/wp-json\/wp\/v2\/comments?post=3236"}],"version-history":[{"count":0,"href":"https:\/\/centralmedia.rs\/index.php\/wp-json\/wp\/v2\/posts\/3236\/revisions"}],"wp:featuredmedia":[{"embeddable":true,"href":"https:\/\/centralmedia.rs\/index.php\/wp-json\/wp\/v2\/media\/3237"}],"wp:attachment":[{"href":"https:\/\/centralmedia.rs\/index.php\/wp-json\/wp\/v2\/media?parent=3236"}],"wp:term":[{"taxonomy":"category","embeddable":true,"href":"https:\/\/centralmedia.rs\/index.php\/wp-json\/wp\/v2\/categories?post=3236"},{"taxonomy":"post_tag","embeddable":true,"href":"https:\/\/centralmedia.rs\/index.php\/wp-json\/wp\/v2\/tags?post=3236"}],"curies":[{"name":"wp","href":"https:\/\/api.w.org\/{rel}","templated":true}]}}