{"id":3241,"date":"2016-05-30T21:46:55","date_gmt":"2016-05-30T21:46:55","guid":{"rendered":"http:\/\/centralmedia.rs\/?p=3241"},"modified":"2017-01-20T02:09:25","modified_gmt":"2017-01-20T02:09:25","slug":"poceli-sindelicevi-dani-u-grabovcu-kod-svilajnca","status":"publish","type":"post","link":"https:\/\/centralmedia.rs\/index.php\/2016\/05\/30\/poceli-sindelicevi-dani-u-grabovcu-kod-svilajnca\/","title":{"rendered":"PO\u010cELI SIN\u0110ELI\u0106EVI DANI U GRABOVCU KOD SVILAJNCA"},"content":{"rendered":"<p>SVILAJNAC-Najstariju svilajna\u010dku kulturnu manifestaciju ,,Sin\u0111eli\u0107evi dani&#8221; ve\u010deras su u rodnom selu Stevana Sin\u0111eli\u0107a u Grabovcu otvorili vojni orkestar &#8220;Stanislav Bini\u010dki&#8221; i solisti Merima Njegomir,Vesna Dimi\u0107 i Biljana Petkovi\u0107. Manifestaciju je zvani\u010dno proglasio otvorenom predsednik te op\u0161tine Predrag Milanovi\u0107.<a href=\"https:\/\/centralmedia.rs\/wp-content\/uploads\/2016\/05\/predrag-milanovic-svilajnac-g.j.-1.jpg\"><img loading=\"lazy\" decoding=\"async\" class=\"alignnone size-medium wp-image-3243\" src=\"https:\/\/centralmedia.rs\/wp-content\/uploads\/2016\/05\/predrag-milanovic-svilajnac-g.j.-1-300x225.jpg\" alt=\"predrag milanovic-svilajnac-g.j.\" width=\"300\" height=\"225\" srcset=\"https:\/\/centralmedia.rs\/wp-content\/uploads\/2016\/05\/predrag-milanovic-svilajnac-g.j.-1-300x225.jpg 300w, https:\/\/centralmedia.rs\/wp-content\/uploads\/2016\/05\/predrag-milanovic-svilajnac-g.j.-1-768x576.jpg 768w, https:\/\/centralmedia.rs\/wp-content\/uploads\/2016\/05\/predrag-milanovic-svilajnac-g.j.-1-80x60.jpg 80w, https:\/\/centralmedia.rs\/wp-content\/uploads\/2016\/05\/predrag-milanovic-svilajnac-g.j.-1-265x198.jpg 265w, https:\/\/centralmedia.rs\/wp-content\/uploads\/2016\/05\/predrag-milanovic-svilajnac-g.j.-1.jpg 900w\" sizes=\"(max-width: 300px) 100vw, 300px\" \/><\/a><br \/>\n-Dragi prijatelji velika mi je \u010dast da u Grabovcu otvorim ,,Sin\u0111eli\u0107eve dane\u201d. Pozivam gra\u0111ene iz Sviljanca, Resave i Pomoravlja da prate manifestaciju narednih dana. Centar za kulturu svake godine sprema sve bolji program i na tome im zahvaljuje, rekao je on. <a href=\"https:\/\/centralmedia.rs\/wp-content\/uploads\/2016\/05\/sindjelicevi-dani-2-svilajnac-g.j..jpg\"><img loading=\"lazy\" decoding=\"async\" class=\"alignnone size-medium wp-image-3244\" src=\"https:\/\/centralmedia.rs\/wp-content\/uploads\/2016\/05\/sindjelicevi-dani-2-svilajnac-g.j.-300x225.jpg\" alt=\"sindjelicevi dani 2-svilajnac-g.j.\" width=\"300\" height=\"225\" srcset=\"https:\/\/centralmedia.rs\/wp-content\/uploads\/2016\/05\/sindjelicevi-dani-2-svilajnac-g.j.-300x225.jpg 300w, https:\/\/centralmedia.rs\/wp-content\/uploads\/2016\/05\/sindjelicevi-dani-2-svilajnac-g.j.-768x576.jpg 768w, https:\/\/centralmedia.rs\/wp-content\/uploads\/2016\/05\/sindjelicevi-dani-2-svilajnac-g.j.-80x60.jpg 80w, https:\/\/centralmedia.rs\/wp-content\/uploads\/2016\/05\/sindjelicevi-dani-2-svilajnac-g.j.-265x198.jpg 265w, https:\/\/centralmedia.rs\/wp-content\/uploads\/2016\/05\/sindjelicevi-dani-2-svilajnac-g.j..jpg 900w\" sizes=\"(max-width: 300px) 100vw, 300px\" \/><\/a><br \/>\nZa danas je predvi\u0111en, u organizaciji Udru\u017eanja ratnih dobrovoljaca i njihovih potomaka i po\u0161tovalaca &#8220;Stevan Sin\u0111eli\u0107&#8221;, odlazak za Ni\u0161 radi obele\u017eavanja Boja na \u010cegru, dok \u0107e u selu Vojska monodramu \u201eMudri i juna\u010dni vojvoda Janko Kati\u0107\u201c, po tekstu Milovana Vitezovi\u0107a, glumiti Aleksandar Duni\u0107, a u Centru za kulturu predvi\u0111en je koncert \u201eMusic Around the World&#8221; &#8220;Mi\u0161ko Plavi trio&#8221;- Mi\u0161ko Plavi,Vasil Had\u017eimanov i Sr\u0111an Dunki\u0107.<a href=\"https:\/\/centralmedia.rs\/wp-content\/uploads\/2016\/05\/sindjelicevi-dani-3-svilajnac-g.j..jpg\"><img loading=\"lazy\" decoding=\"async\" class=\"alignnone size-medium wp-image-3245\" src=\"https:\/\/centralmedia.rs\/wp-content\/uploads\/2016\/05\/sindjelicevi-dani-3-svilajnac-g.j.-300x176.jpg\" alt=\"sindjelicevi dani 3-svilajnac-g.j.\" width=\"300\" height=\"176\" srcset=\"https:\/\/centralmedia.rs\/wp-content\/uploads\/2016\/05\/sindjelicevi-dani-3-svilajnac-g.j.-300x176.jpg 300w, https:\/\/centralmedia.rs\/wp-content\/uploads\/2016\/05\/sindjelicevi-dani-3-svilajnac-g.j.-768x450.jpg 768w, https:\/\/centralmedia.rs\/wp-content\/uploads\/2016\/05\/sindjelicevi-dani-3-svilajnac-g.j.-1024x600.jpg 1024w, https:\/\/centralmedia.rs\/wp-content\/uploads\/2016\/05\/sindjelicevi-dani-3-svilajnac-g.j..jpg 1100w\" sizes=\"(max-width: 300px) 100vw, 300px\" \/><\/a> Za sredu je najavljen Gala koncert Konstantina Kostjukova i solista Baleta Narodnog pozori\u0161ta, \u010detvrtak Beogradsko dramsko pozori\u0161te po tekstu \u017deljka Huba\u010da predstava &#8220;Berlinski zid&#8221; u re\u017eiji Milana Ne\u0161kovi\u0107a, uloge tuma\u010de Atanasije Uzunovi\u0107, Jovo Maksi\u0107, Nemanja Oliveri\u0107, Paulina Manov, Andrej \u0160epetkovski, Ljubinka Klari\u0107.<a href=\"https:\/\/centralmedia.rs\/wp-content\/uploads\/2016\/05\/sindjelicevi-dani-svilajnac-g.j..jpg\"><img loading=\"lazy\" decoding=\"async\" class=\"alignnone size-medium wp-image-3246\" src=\"https:\/\/centralmedia.rs\/wp-content\/uploads\/2016\/05\/sindjelicevi-dani-svilajnac-g.j.-300x225.jpg\" alt=\"sindjelicevi dani-svilajnac-g.j.\" width=\"300\" height=\"225\" srcset=\"https:\/\/centralmedia.rs\/wp-content\/uploads\/2016\/05\/sindjelicevi-dani-svilajnac-g.j.-300x225.jpg 300w, https:\/\/centralmedia.rs\/wp-content\/uploads\/2016\/05\/sindjelicevi-dani-svilajnac-g.j.-768x576.jpg 768w, https:\/\/centralmedia.rs\/wp-content\/uploads\/2016\/05\/sindjelicevi-dani-svilajnac-g.j.-80x60.jpg 80w, https:\/\/centralmedia.rs\/wp-content\/uploads\/2016\/05\/sindjelicevi-dani-svilajnac-g.j.-265x198.jpg 265w, https:\/\/centralmedia.rs\/wp-content\/uploads\/2016\/05\/sindjelicevi-dani-svilajnac-g.j..jpg 900w\" sizes=\"(max-width: 300px) 100vw, 300px\" \/><\/a> U petak je otvaranje izlo\u017ebe modnog dizajna &#8220;Exploring Inspirations \/ u potrazi za inspiracijom&#8221;, kao i predstava ,,Voz\u201d po tekstu Kormak Makartija i re\u017eiji Voje Brajovi\u0107a, igraju Voja Brajovi\u0107 i Sergej Trifunovi\u0107. U subotu na Trgu Mare Resavkinje u 12 \u010dasova je Koncert iznena\u0111enja, a u 20 \u010dasova na Trgu Stevana Sin\u0111eli\u0107a Koncert folklore uz u\u010de\u0161\u0107e Gradskog ansambla narodnih igara i pesama Centra za kulturu Po\u017earevac i Kulturno-umetni\u010dkog dru\u0161tva &#8220;Sin\u0111eli\u0107&#8221; Svilajnac. <a href=\"https:\/\/centralmedia.rs\/wp-content\/uploads\/2016\/05\/sindjelicevi-dani-1-svilajnac-g.j..jpg\"><img loading=\"lazy\" decoding=\"async\" class=\"alignnone size-medium wp-image-3247\" src=\"https:\/\/centralmedia.rs\/wp-content\/uploads\/2016\/05\/sindjelicevi-dani-1-svilajnac-g.j.-300x178.jpg\" alt=\"sindjelicevi dani 1-svilajnac-g.j.\" width=\"300\" height=\"178\" srcset=\"https:\/\/centralmedia.rs\/wp-content\/uploads\/2016\/05\/sindjelicevi-dani-1-svilajnac-g.j.-300x178.jpg 300w, https:\/\/centralmedia.rs\/wp-content\/uploads\/2016\/05\/sindjelicevi-dani-1-svilajnac-g.j.-768x455.jpg 768w, https:\/\/centralmedia.rs\/wp-content\/uploads\/2016\/05\/sindjelicevi-dani-1-svilajnac-g.j.-1024x606.jpg 1024w, https:\/\/centralmedia.rs\/wp-content\/uploads\/2016\/05\/sindjelicevi-dani-1-svilajnac-g.j..jpg 1100w\" sizes=\"(max-width: 300px) 100vw, 300px\" \/><\/a>Poslednje ve\u010deri manifestacije najavljene su predstave Omladinskog amaterskog pozori\u0161ta &#8220;MMaska&#8221; ,,Povratak u Oz&#8221;, kao i Kabare Gorana Sultanovi\u0107a ,,Ja pevam svoj bluz&#8221; uz muzi\u010dku pratnju Du\u0161ana Bezuhe i Branislava Zarina. Mafestacija se odr\u017eava svake godine krajem maja u \u010dast resavskom vojvodi Stevanu Sin\u0111eli\u0107u, juna\u010dki stradalom u borbi protiv Turaka na \u010cegru 1809. godine. Tradicionalno traje sedam dana i obuhvata sve oblike kulturnog i umetni\u010dkog stvarala\u0161tva. Pokrovitelj manifestacije je op\u0161tina Svilajnac, a organizator Centar za kulturu Svilajnac. Program je besplatan za sve posetioce manifestacije.<\/p>\n<p><strong><em>Svilajna\u010dka razglednica \u2013 Projekat se realizuje uz pomo\u0107 sredstava iz bud\u017eeta Op\u0161tine Svilajnac.<\/em><\/strong><\/p>\n","protected":false},"excerpt":{"rendered":"<p>SVILAJNAC-Najstariju svilajna\u010dku kulturnu manifestaciju ,,Sin\u0111eli\u0107evi dani&#8221; ve\u010deras su u rodnom selu Stevana Sin\u0111eli\u0107a u Grabovcu otvorili vojni orkestar &#8220;Stanislav Bini\u010dki&#8221; i solisti Merima Njegomir,Vesna Dimi\u0107 &hellip; <\/p>\n","protected":false},"author":4,"featured_media":3242,"comment_status":"open","ping_status":"open","sticky":false,"template":"","format":"standard","meta":{"footnotes":""},"categories":[1524,2,15,887,12,1517],"tags":[835,828,38],"_links":{"self":[{"href":"https:\/\/centralmedia.rs\/index.php\/wp-json\/wp\/v2\/posts\/3241"}],"collection":[{"href":"https:\/\/centralmedia.rs\/index.php\/wp-json\/wp\/v2\/posts"}],"about":[{"href":"https:\/\/centralmedia.rs\/index.php\/wp-json\/wp\/v2\/types\/post"}],"author":[{"embeddable":true,"href":"https:\/\/centralmedia.rs\/index.php\/wp-json\/wp\/v2\/users\/4"}],"replies":[{"embeddable":true,"href":"https:\/\/centralmedia.rs\/index.php\/wp-json\/wp\/v2\/comments?post=3241"}],"version-history":[{"count":0,"href":"https:\/\/centralmedia.rs\/index.php\/wp-json\/wp\/v2\/posts\/3241\/revisions"}],"wp:featuredmedia":[{"embeddable":true,"href":"https:\/\/centralmedia.rs\/index.php\/wp-json\/wp\/v2\/media\/3242"}],"wp:attachment":[{"href":"https:\/\/centralmedia.rs\/index.php\/wp-json\/wp\/v2\/media?parent=3241"}],"wp:term":[{"taxonomy":"category","embeddable":true,"href":"https:\/\/centralmedia.rs\/index.php\/wp-json\/wp\/v2\/categories?post=3241"},{"taxonomy":"post_tag","embeddable":true,"href":"https:\/\/centralmedia.rs\/index.php\/wp-json\/wp\/v2\/tags?post=3241"}],"curies":[{"name":"wp","href":"https:\/\/api.w.org\/{rel}","templated":true}]}}