{"id":32431,"date":"2022-08-23T13:50:46","date_gmt":"2022-08-23T11:50:46","guid":{"rendered":"http:\/\/centralmedia.rs\/?p=32431"},"modified":"2022-08-27T14:56:47","modified_gmt":"2022-08-27T12:56:47","slug":"palma-puna-podrska-aleksandru-vucicu-u-borbi-za-mir-i-stabilnost-na-ovim-prostorima-puna-podrska-srpskoj-listi-u-odluci-da-napuste-pristinske-institucije-ukoliko-se-nastavi-progon-srba","status":"publish","type":"post","link":"https:\/\/centralmedia.rs\/index.php\/2022\/08\/23\/palma-puna-podrska-aleksandru-vucicu-u-borbi-za-mir-i-stabilnost-na-ovim-prostorima-puna-podrska-srpskoj-listi-u-odluci-da-napuste-pristinske-institucije-ukoliko-se-nastavi-progon-srba\/","title":{"rendered":"PALMA: PUNA PODR\u0160KA ALEKSANDRU VU\u010cI\u0106U U BORBI ZA MIR I STABILNOST NA OVIM PROSTORIMA. PUNA PODR\u0160KA SRPSKOJ LISTI U ODLUCI DA NAPUSTE PRI\u0160TINSKE INSTITUCIJE UKOLIKO SE NASTAVI PROGON SRBA"},"content":{"rendered":"<p>JAGODINA- Na dana\u0161noj konferenciji za novinare u Jagodini, koja je organizovana povodom odlaska 500\u2013\u010dlane delegacije iz Srbije u Paraliju u Gr\u010dku, predsednik Jedinstvene Srbije i Skup\u0161tine grada Jagodine i narodni poslanik Dragan Markovi\u0107 Palma govorio je i o najnovijim de\u0161avanjima vezanim za Kosovo i Metohiju. \u201cSvakodnevno \u017eivimo sa problemom Kosova i Metohije i imaju\u0107i u vidu najnovije pritiske na predsednika Srbije dajemo punu podr\u0161ku predsedniku Srbije Aleksandru Vu\u010di\u0107u u njegovoj borbi da sa\u010duva mir i stabilnost na Balkanu. Punu podr\u0161ku dajemo i Srbima sa Kosova i Metohije i Srpskoj listi i njihovoj odluci da napuste privremene pri\u0161tinske institucije ukoliko se nastavi progon Srba na Kosovu i Metohiji. A ukoliko se to desi, me\u0111unarodna zajednica mora da zna da onda vi\u0161e ne va\u017ei Briselski sporazum. Nadam se da ne\u0107e do\u0107i do onoga \u0161to Kurti sprema za 1. septembar ove godine, a svi oni koji se zala\u017eu za pravno obavezuju\u0107i sporazum izme\u0111u Beograda i Pri\u0161tine, treba pre toga da ispune Rezoluciju 1244, Kumanovski sporazum i Briselski sporazum, jer su to pravno obavezuju\u0107i sporazumi, koje samo Srbija ispunjava. Nadam se da \u0107e 1. septembra biti sve u redu i da \u0107e da se nastavi dijalog\u201d, rekao je Markovi\u0107.<\/p>\n<p><img loading=\"lazy\" decoding=\"async\" class=\"alignnone wp-image-32433 size-large\" src=\"http:\/\/centralmedia.rs\/wp-content\/uploads\/2022\/08\/paralija1-1024x576.jpg\" alt=\"\" width=\"640\" height=\"360\" srcset=\"https:\/\/centralmedia.rs\/wp-content\/uploads\/2022\/08\/paralija1-1024x576.jpg 1024w, https:\/\/centralmedia.rs\/wp-content\/uploads\/2022\/08\/paralija1-300x169.jpg 300w, https:\/\/centralmedia.rs\/wp-content\/uploads\/2022\/08\/paralija1-768x432.jpg 768w, https:\/\/centralmedia.rs\/wp-content\/uploads\/2022\/08\/paralija1-747x420.jpg 747w, https:\/\/centralmedia.rs\/wp-content\/uploads\/2022\/08\/paralija1-640x360.jpg 640w, https:\/\/centralmedia.rs\/wp-content\/uploads\/2022\/08\/paralija1-681x383.jpg 681w, https:\/\/centralmedia.rs\/wp-content\/uploads\/2022\/08\/paralija1.jpg 1600w\" sizes=\"(max-width: 640px) 100vw, 640px\" \/><\/p>\n<p>29.08. U PARALIJI \u0106E BITI OTVORENA ULICA DRAGANA MARKOVI\u0106A PALME<\/p>\n<p>\u201cU Paraliji \u0107e od 26. do 31.08. boraviti 500-\u010dlana delegacija iz Jagodine. Ovo je 16. godina kako u organizaciji Skup\u0161tine grada Jagodina, a o tro\u0161ku donatora vodimo delegacije iz Srbije. Do sada je sa nama u neke strane dr\u017eave putovalo preko 30 gradona\u010delnika i predsednika op\u0161tina iz Srbije, kao i privrednici iz cele Srbije i rezultat tih poseta bio je dovo\u0111enje investitora, otvaranje novih radnih mesta u Srbiji i uspostavljanje ekonomskih kontakata na\u0161ih privrednika sa inostranim oko izvoza i uvoza. U ovoj delegaciji su i zdravstveni radnici, njih 30\u2013ak iz zdravstvenih ustanova iz Beograda i drugih delova Srbije, jer su donatori tako\u0111e i iz Beograda. Sa nama su u delegaciji, kao i mnogo puta do sada i sve\u0161tenici Srpske pravoslavne crkve, koji \u0107e razgovarati sa sve\u0161tenicima Gr\u010dke pravoslavne crkve, a to je va\u017eno jer u Gr\u010dkoj, njihova vlada ne donosi va\u017ene odluke bez konsultacija sa Gr\u010dkom pravoslavnom crkvom. U delegaciji su i planinari koji \u0107e se penjati na Olimp i postaviti zastave Srbije i Jagodine, privrednici, poljoprivrednici, vaspita\u010di, p\u010delari, \u010dlanovi seoskih i gradskih mesnih zajednica sa teritorije grada Jagodine, prosvetni radnici, radnici Javnog komunalnog preduze\u0107a \u201cStandard\u201d iz Jagodine i novinari\u201d, rekao je Markovi\u0107. Markovi\u0107 je saop\u0161tio da \u0107e, shodno odluci Skup\u0161tine grada Katerini 29. avgusta u Paraliji, koja pripada gradu Katerini, biti otvorena ulica koja \u0107e nositi ime Dragana Markovi\u0107a Palme, zbog, kako stoji u odluci gr\u010dkih odbornika, njegove velike zasluge za \u0161irenje prijateljske, privredne, turisti\u010dke i uop\u0161te dru\u0161tvene saradnje izme\u0111u ovog kraja Gr\u010dke i Srbije. Dana\u0161njoj konferenciji za novinare prisustvovali su i gradona\u010delnik Jagodine Ratko Stevanovi\u0107, na\u010delnik Pomoravskog okruga Goran Milosavljevi\u0107, kao i 6 \u010dlanova delegacije iz raznih sfera.<\/p>\n","protected":false},"excerpt":{"rendered":"<p>JAGODINA- Na dana\u0161noj konferenciji za novinare u Jagodini, koja je organizovana povodom odlaska 500\u2013\u010dlane delegacije iz Srbije u Paraliju u Gr\u010dku, predsednik Jedinstvene Srbije i &hellip; <\/p>\n","protected":false},"author":2,"featured_media":32432,"comment_status":"open","ping_status":"open","sticky":false,"template":"","format":"standard","meta":{"footnotes":""},"categories":[1524,2,1514,5643,13,887,12],"tags":[842,143,120,845,63],"_links":{"self":[{"href":"https:\/\/centralmedia.rs\/index.php\/wp-json\/wp\/v2\/posts\/32431"}],"collection":[{"href":"https:\/\/centralmedia.rs\/index.php\/wp-json\/wp\/v2\/posts"}],"about":[{"href":"https:\/\/centralmedia.rs\/index.php\/wp-json\/wp\/v2\/types\/post"}],"author":[{"embeddable":true,"href":"https:\/\/centralmedia.rs\/index.php\/wp-json\/wp\/v2\/users\/2"}],"replies":[{"embeddable":true,"href":"https:\/\/centralmedia.rs\/index.php\/wp-json\/wp\/v2\/comments?post=32431"}],"version-history":[{"count":1,"href":"https:\/\/centralmedia.rs\/index.php\/wp-json\/wp\/v2\/posts\/32431\/revisions"}],"predecessor-version":[{"id":32434,"href":"https:\/\/centralmedia.rs\/index.php\/wp-json\/wp\/v2\/posts\/32431\/revisions\/32434"}],"wp:featuredmedia":[{"embeddable":true,"href":"https:\/\/centralmedia.rs\/index.php\/wp-json\/wp\/v2\/media\/32432"}],"wp:attachment":[{"href":"https:\/\/centralmedia.rs\/index.php\/wp-json\/wp\/v2\/media?parent=32431"}],"wp:term":[{"taxonomy":"category","embeddable":true,"href":"https:\/\/centralmedia.rs\/index.php\/wp-json\/wp\/v2\/categories?post=32431"},{"taxonomy":"post_tag","embeddable":true,"href":"https:\/\/centralmedia.rs\/index.php\/wp-json\/wp\/v2\/tags?post=32431"}],"curies":[{"name":"wp","href":"https:\/\/api.w.org\/{rel}","templated":true}]}}