{"id":32437,"date":"2022-08-23T14:12:48","date_gmt":"2022-08-23T12:12:48","guid":{"rendered":"http:\/\/centralmedia.rs\/?p=32437"},"modified":"2022-08-24T12:40:31","modified_gmt":"2022-08-24T10:40:31","slug":"etno-rok-festival-u-holu-gimnazije","status":"publish","type":"post","link":"https:\/\/centralmedia.rs\/index.php\/2022\/08\/23\/etno-rok-festival-u-holu-gimnazije\/","title":{"rendered":"ETNO ROK FESTIVAL U HOLU GIMNAZIJE"},"content":{"rendered":"<p>JAGODINA- Prvi etno-rok koncert u Jagodini bi\u0107e odr\u017ean ve\u010deras od 21 sat u holu Gimnazije. Zbog vremenskih uslova koncert je preba\u010den sa gradskog trga.<\/p>\n<p><img loading=\"lazy\" decoding=\"async\" class=\"alignnone wp-image-32439 size-full\" src=\"http:\/\/centralmedia.rs\/wp-content\/uploads\/2022\/08\/etno-rok-festival.jpg\" alt=\"\" width=\"526\" height=\"1752\" srcset=\"https:\/\/centralmedia.rs\/wp-content\/uploads\/2022\/08\/etno-rok-festival.jpg 526w, https:\/\/centralmedia.rs\/wp-content\/uploads\/2022\/08\/etno-rok-festival-90x300.jpg 90w, https:\/\/centralmedia.rs\/wp-content\/uploads\/2022\/08\/etno-rok-festival-307x1024.jpg 307w, https:\/\/centralmedia.rs\/wp-content\/uploads\/2022\/08\/etno-rok-festival-126x420.jpg 126w\" sizes=\"(max-width: 526px) 100vw, 526px\" \/><\/p>\n","protected":false},"excerpt":{"rendered":"<p>JAGODINA- Prvi etno-rok koncert u Jagodini bi\u0107e odr\u017ean ve\u010deras od 21 sat u holu Gimnazije. Zbog vremenskih uslova koncert je preba\u010den sa gradskog trga.<\/p>\n","protected":false},"author":2,"featured_media":32441,"comment_status":"open","ping_status":"open","sticky":false,"template":"","format":"standard","meta":{"footnotes":""},"categories":[1524,2,5643,1514,23,887,3055],"tags":[5935,58],"_links":{"self":[{"href":"https:\/\/centralmedia.rs\/index.php\/wp-json\/wp\/v2\/posts\/32437"}],"collection":[{"href":"https:\/\/centralmedia.rs\/index.php\/wp-json\/wp\/v2\/posts"}],"about":[{"href":"https:\/\/centralmedia.rs\/index.php\/wp-json\/wp\/v2\/types\/post"}],"author":[{"embeddable":true,"href":"https:\/\/centralmedia.rs\/index.php\/wp-json\/wp\/v2\/users\/2"}],"replies":[{"embeddable":true,"href":"https:\/\/centralmedia.rs\/index.php\/wp-json\/wp\/v2\/comments?post=32437"}],"version-history":[{"count":1,"href":"https:\/\/centralmedia.rs\/index.php\/wp-json\/wp\/v2\/posts\/32437\/revisions"}],"predecessor-version":[{"id":32440,"href":"https:\/\/centralmedia.rs\/index.php\/wp-json\/wp\/v2\/posts\/32437\/revisions\/32440"}],"wp:featuredmedia":[{"embeddable":true,"href":"https:\/\/centralmedia.rs\/index.php\/wp-json\/wp\/v2\/media\/32441"}],"wp:attachment":[{"href":"https:\/\/centralmedia.rs\/index.php\/wp-json\/wp\/v2\/media?parent=32437"}],"wp:term":[{"taxonomy":"category","embeddable":true,"href":"https:\/\/centralmedia.rs\/index.php\/wp-json\/wp\/v2\/categories?post=32437"},{"taxonomy":"post_tag","embeddable":true,"href":"https:\/\/centralmedia.rs\/index.php\/wp-json\/wp\/v2\/tags?post=32437"}],"curies":[{"name":"wp","href":"https:\/\/api.w.org\/{rel}","templated":true}]}}