{"id":32456,"date":"2022-08-26T12:45:46","date_gmt":"2022-08-26T10:45:46","guid":{"rendered":"http:\/\/centralmedia.rs\/?p=32456"},"modified":"2022-08-30T20:31:48","modified_gmt":"2022-08-30T18:31:48","slug":"studenti-i-profesori-fpnj-saradnici-na-projektu-zastavo-moja","status":"publish","type":"post","link":"https:\/\/centralmedia.rs\/index.php\/2022\/08\/26\/studenti-i-profesori-fpnj-saradnici-na-projektu-zastavo-moja\/","title":{"rendered":"STUDENTI I PROFESORI FPNJ SARADNICI  NA PROJEKTU &#8221;ZASTAVO MOJA&#8221;"},"content":{"rendered":"<p>JAGODINA-Profesorke Fakulteta pedago\u0161kih nauka u Jagodini Jelena Grki\u0107 Gini\u0107 i Milica Stankovi\u0107 i studentkinje, \u010dlanice hora Fakulteta, Sandra Gruji\u0107 i Anja Arsenijevi\u0107 boravile su u manastiru Manasija, Pe\u0107koj patrijar\u0161iji i manastiru Visoki De\u010dani u periodu od 19. do 21. avgusta 2022. godine u okviru projekta ,,Zastavo moja\u201d.<\/p>\n<div id='gallery-1' class='gallery galleryid-32456 gallery-columns-3 gallery-size-thumbnail'><figure class='gallery-item'>\n\t\t\t<div class='gallery-icon portrait'>\n\t\t\t\t<a href='https:\/\/centralmedia.rs\/index.php\/2022\/08\/26\/studenti-i-profesori-fpnj-saradnici-na-projektu-zastavo-moja\/zastava-3\/'><img loading=\"lazy\" decoding=\"async\" width=\"150\" height=\"150\" src=\"https:\/\/centralmedia.rs\/wp-content\/uploads\/2022\/08\/zastava-150x150.jpg\" class=\"attachment-thumbnail size-thumbnail\" alt=\"\" \/><\/a>\n\t\t\t<\/div><\/figure><figure class='gallery-item'>\n\t\t\t<div class='gallery-icon landscape'>\n\t\t\t\t<a href='https:\/\/centralmedia.rs\/index.php\/2022\/08\/26\/studenti-i-profesori-fpnj-saradnici-na-projektu-zastavo-moja\/zastava2-2\/'><img loading=\"lazy\" decoding=\"async\" width=\"150\" height=\"150\" src=\"https:\/\/centralmedia.rs\/wp-content\/uploads\/2022\/08\/zastava2-150x150.jpg\" class=\"attachment-thumbnail size-thumbnail\" alt=\"\" \/><\/a>\n\t\t\t<\/div><\/figure><figure class='gallery-item'>\n\t\t\t<div class='gallery-icon portrait'>\n\t\t\t\t<a href='https:\/\/centralmedia.rs\/index.php\/2022\/08\/26\/studenti-i-profesori-fpnj-saradnici-na-projektu-zastavo-moja\/zastava1-2\/'><img loading=\"lazy\" decoding=\"async\" width=\"150\" height=\"150\" src=\"https:\/\/centralmedia.rs\/wp-content\/uploads\/2022\/08\/zastava1-150x150.jpg\" class=\"attachment-thumbnail size-thumbnail\" alt=\"\" \/><\/a>\n\t\t\t<\/div><\/figure>\n\t\t<\/div>\n\n<p>Ovaj projekat okupio je nastavnike i studente peva\u010de sa svih fakulteta koji obrazuju u\u010ditelje i vaspita\u010de na teritoriji Republike Srbije i Republike Srpske sa ciljem afirmacije zastave kao nacionalnog obele\u017eja.<\/p>\n<p>Prof. dr Biljana Pavlovi\u0107 (U\u010diteljski fakultet u Prizrenu \u2013 Leposavi\u0107), idejni tvorac projekta, komponovala je muziku na tekst pesme ,,Razgovor sa uvu\u010denom srpskom zastavom na ma\u0111istratu novosadskom\u201d \u010duvenog pesnika Laze Kosti\u0107a.<\/p>\n<p>Realizacija projekta predstavlja primer saradnje, nacionalnog jedinstva i odgovornosti prema nacionalnim simbolima. Projekat ,,Zastavo moja\u201d ima za cilj negovanje i promovisanje srpske kulture i duhovnosti, razvijanje pozitivnih ose\u0107anja, stavova i uverenja mladih generacija prema svom narodu i zemlji.<\/p>\n<p>Pesma i spot ,,Zastavo moja\u201d premijerno \u0107e biti predstavljeni 15. septembra 2022. godine, na Dan srpskog jedinstva, slobode i nacionalne zastave.<\/p>\n","protected":false},"excerpt":{"rendered":"<p>JAGODINA-Profesorke Fakulteta pedago\u0161kih nauka u Jagodini Jelena Grki\u0107 Gini\u0107 i Milica Stankovi\u0107 i studentkinje, \u010dlanice hora Fakulteta, Sandra Gruji\u0107 i Anja Arsenijevi\u0107 boravile su u &hellip; <\/p>\n","protected":false},"author":2,"featured_media":32457,"comment_status":"open","ping_status":"open","sticky":false,"template":"","format":"standard","meta":{"footnotes":""},"categories":[1524,2,1514,5643,15,887,12],"tags":[5418,2531,1112],"_links":{"self":[{"href":"https:\/\/centralmedia.rs\/index.php\/wp-json\/wp\/v2\/posts\/32456"}],"collection":[{"href":"https:\/\/centralmedia.rs\/index.php\/wp-json\/wp\/v2\/posts"}],"about":[{"href":"https:\/\/centralmedia.rs\/index.php\/wp-json\/wp\/v2\/types\/post"}],"author":[{"embeddable":true,"href":"https:\/\/centralmedia.rs\/index.php\/wp-json\/wp\/v2\/users\/2"}],"replies":[{"embeddable":true,"href":"https:\/\/centralmedia.rs\/index.php\/wp-json\/wp\/v2\/comments?post=32456"}],"version-history":[{"count":2,"href":"https:\/\/centralmedia.rs\/index.php\/wp-json\/wp\/v2\/posts\/32456\/revisions"}],"predecessor-version":[{"id":32461,"href":"https:\/\/centralmedia.rs\/index.php\/wp-json\/wp\/v2\/posts\/32456\/revisions\/32461"}],"wp:featuredmedia":[{"embeddable":true,"href":"https:\/\/centralmedia.rs\/index.php\/wp-json\/wp\/v2\/media\/32457"}],"wp:attachment":[{"href":"https:\/\/centralmedia.rs\/index.php\/wp-json\/wp\/v2\/media?parent=32456"}],"wp:term":[{"taxonomy":"category","embeddable":true,"href":"https:\/\/centralmedia.rs\/index.php\/wp-json\/wp\/v2\/categories?post=32456"},{"taxonomy":"post_tag","embeddable":true,"href":"https:\/\/centralmedia.rs\/index.php\/wp-json\/wp\/v2\/tags?post=32456"}],"curies":[{"name":"wp","href":"https:\/\/api.w.org\/{rel}","templated":true}]}}