{"id":32524,"date":"2022-08-27T14:34:08","date_gmt":"2022-08-27T12:34:08","guid":{"rendered":"http:\/\/centralmedia.rs\/?p=32524"},"modified":"2022-08-30T20:31:11","modified_gmt":"2022-08-30T18:31:11","slug":"palma-srbi-na-kosovu-i-metohiji-nece-da-igraju-sotu-nego-srpsko-kolo","status":"publish","type":"post","link":"https:\/\/centralmedia.rs\/index.php\/2022\/08\/27\/palma-srbi-na-kosovu-i-metohiji-nece-da-igraju-sotu-nego-srpsko-kolo\/","title":{"rendered":"PALMA : SRBI NA KOSOVU I METOHIJI NE\u0106E DA IGRAJU \u0160OTU NEGO SRPSKO KOLO"},"content":{"rendered":"<p>JAGODINA- Sino\u0107 je put Paralije u Gr\u010dkoj oti\u0161la srpska delegacija sa oko 500 \u010dlanova.<\/p>\n<p>&#8220;Kosovski Albanci uz pomo\u0107 dela me\u0111unarodne zajednice, ne samo da ho\u0107e da Srbima u svojoj dr\u017eavi promene li\u010dne karte i registarske oznake, ve\u0107 \u017eele da Srbima promene identitet. Ali i kosovski Albanci i me\u0111unarodna zajednica moraju da znaju da Srbi ne\u0107e da igraju \u0160otu, ve\u0107 Srpsko kolo&#8221;, izjavio je za televiziju Hepi predsednik Jedinstvene Srbije Dragan Markovi\u0107 Palma. &#8220;Kosovo i Metohija je Srbiji privremeno oteto i mi se nikada sa tim ne\u0107emo slo\u017eiti. To \u0161to je Srbiji oteto, treba da nam se vrati. Nadam se da \u0107e u tim dr\u017eavama koje su priznale jednostrano progla\u0161enu nezavisnost Kosova do\u0107i neki novi vladari koji \u0107e Srbiji vratiti njeno. Mi tra\u017eimo da se na Kosovu i Metohiji po\u0161tuju ljudska prava, a za bezbednost je zadu\u017een KFOR koji drema kada Albanci napadaju Srbe i srpsku imovinu. Veliki su pritisci na predsednika Srbije Aleksandra Vu\u010di\u0107a i ja mu dajem maksimalnu podr\u0161ku kao i gra\u0111ani Srbije&#8221; rekao je Markovi\u0107 .<\/p>\n<p>VU\u010cI\u0106 SE DOMA\u0106INSKI ODNOSI PREMA DR\u017dAVI I GRA\u0110ANIMA<\/p>\n<p>&#8220;Sada je u Evropi i celom svetu najva\u017enije pitanje kako se pripremiti za zimu, kakve \u0107e biti cene struje, gasa, nafte, \u017eivotnih namirnica. Ovde u Gr\u010dkoj, gde se ja sada nalazim i srpska delegacija od 500 \u010dlanova, struja je poskupela tri puta, zejtin\u00a0 je 400 dinara, a u Srbiji 200, kafa je dva i po puta skuplja nego u Srbiji. \u0160efovi evropskih dr\u017eava prakti\u010dno prete svojim gra\u0111anima sa restrikcijama, nesta\u0161icom hrane i energenata. A Srbija zahvaljuju\u0107i doma\u0107inskom pona\u0161anju predsednika Vu\u010di\u0107a i Vlade Srbije ima najve\u0107e zalihe i gasa i hrane i Srbija treba da se ponosi sa svojim rukovodstvom&#8221;, rekao Markovi\u0107.<\/p>\n<p>&nbsp;<\/p>\n<div id='gallery-1' class='gallery galleryid-32524 gallery-columns-3 gallery-size-thumbnail'><figure class='gallery-item'>\n\t\t\t<div class='gallery-icon landscape'>\n\t\t\t\t<a href='https:\/\/centralmedia.rs\/index.php\/2022\/08\/27\/palma-srbi-na-kosovu-i-metohiji-nece-da-igraju-sotu-nego-srpsko-kolo\/odlazak2\/'><img loading=\"lazy\" decoding=\"async\" width=\"150\" height=\"150\" src=\"https:\/\/centralmedia.rs\/wp-content\/uploads\/2022\/08\/odlazak2-150x150.jpg\" class=\"attachment-thumbnail size-thumbnail\" alt=\"\" \/><\/a>\n\t\t\t<\/div><\/figure><figure class='gallery-item'>\n\t\t\t<div class='gallery-icon landscape'>\n\t\t\t\t<a href='https:\/\/centralmedia.rs\/index.php\/2022\/08\/27\/palma-srbi-na-kosovu-i-metohiji-nece-da-igraju-sotu-nego-srpsko-kolo\/odlazak1\/'><img loading=\"lazy\" decoding=\"async\" width=\"150\" height=\"150\" src=\"https:\/\/centralmedia.rs\/wp-content\/uploads\/2022\/08\/odlazak1-150x150.jpg\" class=\"attachment-thumbnail size-thumbnail\" alt=\"\" \/><\/a>\n\t\t\t<\/div><\/figure><figure class='gallery-item'>\n\t\t\t<div class='gallery-icon landscape'>\n\t\t\t\t<a href='https:\/\/centralmedia.rs\/index.php\/2022\/08\/27\/palma-srbi-na-kosovu-i-metohiji-nece-da-igraju-sotu-nego-srpsko-kolo\/odlazak\/'><img loading=\"lazy\" decoding=\"async\" width=\"150\" height=\"150\" src=\"https:\/\/centralmedia.rs\/wp-content\/uploads\/2022\/08\/odlazak-150x150.jpg\" class=\"attachment-thumbnail size-thumbnail\" alt=\"\" \/><\/a>\n\t\t\t<\/div><\/figure>\n\t\t<\/div>\n\n<p>PALMA DOBIJA ULICU U GR\u010cKOJ<\/p>\n<p>U ponedeljak, 29. avgusta jedna ulica u Paraliji, odlukom Skup\u0161tine grada Katerini kome pripada Paralija, nosi\u0107e ime Palma. Podsetimo Dragan Markovi\u0107 Palma je po\u010dasni gra\u0111anin grada Katerini i po\u010dasni konzul Gr\u010dke u Srbiji. U Paraliji do 31. 08. boravi 500 &#8211; \u010dlana srpska delegacija u \u010dijem sastavu su sve\u0161tenici, poljoprivrednici, privrednici, zdravstveni i prosvetni radnici, komunalci, sportisti, p\u010delari, planinari. Ceo tro\u0161ak i ovog putovanja, kao i svih ostalih do sada platili su donatori i nijedan dinar u te svrhe nije oti\u0161ao ni iz gradskog ni republi\u010dkog bud\u017eeta.<\/p>\n","protected":false},"excerpt":{"rendered":"<p>JAGODINA- Sino\u0107 je put Paralije u Gr\u010dkoj oti\u0161la srpska delegacija sa oko 500 \u010dlanova. &#8220;Kosovski Albanci uz pomo\u0107 dela me\u0111unarodne zajednice, ne samo da ho\u0107e &hellip; <\/p>\n","protected":false},"author":2,"featured_media":32525,"comment_status":"open","ping_status":"open","sticky":false,"template":"","format":"standard","meta":{"footnotes":""},"categories":[1524,1514,5643,13,887,12],"tags":[3532,58,120,845],"_links":{"self":[{"href":"https:\/\/centralmedia.rs\/index.php\/wp-json\/wp\/v2\/posts\/32524"}],"collection":[{"href":"https:\/\/centralmedia.rs\/index.php\/wp-json\/wp\/v2\/posts"}],"about":[{"href":"https:\/\/centralmedia.rs\/index.php\/wp-json\/wp\/v2\/types\/post"}],"author":[{"embeddable":true,"href":"https:\/\/centralmedia.rs\/index.php\/wp-json\/wp\/v2\/users\/2"}],"replies":[{"embeddable":true,"href":"https:\/\/centralmedia.rs\/index.php\/wp-json\/wp\/v2\/comments?post=32524"}],"version-history":[{"count":3,"href":"https:\/\/centralmedia.rs\/index.php\/wp-json\/wp\/v2\/posts\/32524\/revisions"}],"predecessor-version":[{"id":32547,"href":"https:\/\/centralmedia.rs\/index.php\/wp-json\/wp\/v2\/posts\/32524\/revisions\/32547"}],"wp:featuredmedia":[{"embeddable":true,"href":"https:\/\/centralmedia.rs\/index.php\/wp-json\/wp\/v2\/media\/32525"}],"wp:attachment":[{"href":"https:\/\/centralmedia.rs\/index.php\/wp-json\/wp\/v2\/media?parent=32524"}],"wp:term":[{"taxonomy":"category","embeddable":true,"href":"https:\/\/centralmedia.rs\/index.php\/wp-json\/wp\/v2\/categories?post=32524"},{"taxonomy":"post_tag","embeddable":true,"href":"https:\/\/centralmedia.rs\/index.php\/wp-json\/wp\/v2\/tags?post=32524"}],"curies":[{"name":"wp","href":"https:\/\/api.w.org\/{rel}","templated":true}]}}