{"id":32549,"date":"2022-08-28T12:04:24","date_gmt":"2022-08-28T10:04:24","guid":{"rendered":"http:\/\/centralmedia.rs\/?p=32549"},"modified":"2022-08-30T20:36:54","modified_gmt":"2022-08-30T18:36:54","slug":"just-out-festival-u-despotovcu","status":"publish","type":"post","link":"https:\/\/centralmedia.rs\/index.php\/2022\/08\/28\/just-out-festival-u-despotovcu\/","title":{"rendered":"JUST OUT FESTIVAL U DESPOTOVCU"},"content":{"rendered":"<p>DESPOTOVAC- Dalje odr\u017eavanje Just out festivala u Despotovcu, posle osam godina, dovedeno je u pitanje zbog smanjenja bud\u017eeta, ali usledi\u0107e razgovori na svim nivoima i ubrzo \u0107e to biti razre\u0161eno. Festival je za osam godina posetilo preko pola miliona gra\u0111ana, ugostio je vite\u0161ke dru\u017eine iz 38 zemalja, najve\u0107i svetski mediji objavljivali su pri\u010de iz Manasije i Despotovca, ponovo je o\u017eivela slava Despota Stefana Lazarevi\u0107a.<\/p>\n<div id='gallery-1' class='gallery galleryid-32549 gallery-columns-4 gallery-size-thumbnail'><figure class='gallery-item'>\n\t\t\t<div class='gallery-icon landscape'>\n\t\t\t\t<a href='https:\/\/centralmedia.rs\/index.php\/2022\/08\/28\/just-out-festival-u-despotovcu\/borbe1-3\/'><img loading=\"lazy\" decoding=\"async\" width=\"150\" height=\"150\" src=\"https:\/\/centralmedia.rs\/wp-content\/uploads\/2022\/08\/borbe1-1-150x150.jpg\" class=\"attachment-thumbnail size-thumbnail\" alt=\"\" \/><\/a>\n\t\t\t<\/div><\/figure><figure class='gallery-item'>\n\t\t\t<div class='gallery-icon landscape'>\n\t\t\t\t<a href='https:\/\/centralmedia.rs\/index.php\/2022\/08\/28\/just-out-festival-u-despotovcu\/borbe3\/'><img loading=\"lazy\" decoding=\"async\" width=\"150\" height=\"150\" src=\"https:\/\/centralmedia.rs\/wp-content\/uploads\/2022\/08\/borbe3-150x150.jpg\" class=\"attachment-thumbnail size-thumbnail\" alt=\"\" \/><\/a>\n\t\t\t<\/div><\/figure><figure class='gallery-item'>\n\t\t\t<div class='gallery-icon landscape'>\n\t\t\t\t<a href='https:\/\/centralmedia.rs\/index.php\/2022\/08\/28\/just-out-festival-u-despotovcu\/borbe4\/'><img loading=\"lazy\" decoding=\"async\" width=\"150\" height=\"150\" src=\"https:\/\/centralmedia.rs\/wp-content\/uploads\/2022\/08\/borbe4-150x150.jpg\" class=\"attachment-thumbnail size-thumbnail\" alt=\"\" \/><\/a>\n\t\t\t<\/div><\/figure><figure class='gallery-item'>\n\t\t\t<div class='gallery-icon landscape'>\n\t\t\t\t<a href='https:\/\/centralmedia.rs\/index.php\/2022\/08\/28\/just-out-festival-u-despotovcu\/borbe5\/'><img loading=\"lazy\" decoding=\"async\" width=\"150\" height=\"150\" src=\"https:\/\/centralmedia.rs\/wp-content\/uploads\/2022\/08\/borbe5-150x150.jpg\" class=\"attachment-thumbnail size-thumbnail\" alt=\"\" \/><\/a>\n\t\t\t<\/div><\/figure>\n\t\t<\/div>\n\n<p>Na pitanja da li \u0107e Just out festival posle osam godina promeniti mesto odr\u017eavanja direktor festivala Vladimir Blagojevi\u0107 nije mogao da da kona\u010dan odgovor.<\/p>\n<p>-Ne znam , vide\u0107emo. Sa ovakvim na\u010dinom finansiranja i ovakvim su\u017eavanjem, toliko sam se isprepadao da \u0107emo slede\u0107e godine biti festival kako stojimo sa zastavama. Prosto ne mogu sam, kao fizi\u010dko lice, da izguram festival. Bud\u017eeti su bili smanjeni na svim nivoima, potrudio sam se prilagodimo. Ne mo\u017eemo finansijski da izguramo festival. Ukoliko ne bude moglo u Despotovcu, pri\u010da\u0107emo sa ve\u0107im gradovima koji imaju ve\u0107e bud\u017eete i mogu da priu\u0161te sebi ovakav festival. Ovo je te\u0161ka opcija za Despotovac, njima je ovo teret. Nema potrebe da forsiramo ako ne mo\u017ee. Na silu nema ni\u0161ta. Vide\u0107emo da li \u0107e da se promene okolnosti, ja sam morao da skrenem pa\u017enju javnosti da \u0107e festivali da ugase, rekao je Vladimir Blagojevi\u0107<\/p>\n<p>Danas su srednjevekovnom selu organizovane \u00a0radionice, streli\u010darstvo, jahanje konja i ostalo. Zatim je usledio streli\u010darski turnir, pa \u00a0Tafl \u2013 zamka za Kralja \u00a0rekonstrukcija bitke, ten a kraju zatvaranje sela i kraj festivala<\/p>\n<p>FOTO: Just out<\/p>\n","protected":false},"excerpt":{"rendered":"<p>DESPOTOVAC- Dalje odr\u017eavanje Just out festivala u Despotovcu, posle osam godina, dovedeno je u pitanje zbog smanjenja bud\u017eeta, ali usledi\u0107e razgovori na svim nivoima i &hellip; <\/p>\n","protected":false},"author":2,"featured_media":32550,"comment_status":"open","ping_status":"open","sticky":false,"template":"","format":"standard","meta":{"footnotes":""},"categories":[1518,5786,1524,2,23,887,3055],"tags":[51,5941],"_links":{"self":[{"href":"https:\/\/centralmedia.rs\/index.php\/wp-json\/wp\/v2\/posts\/32549"}],"collection":[{"href":"https:\/\/centralmedia.rs\/index.php\/wp-json\/wp\/v2\/posts"}],"about":[{"href":"https:\/\/centralmedia.rs\/index.php\/wp-json\/wp\/v2\/types\/post"}],"author":[{"embeddable":true,"href":"https:\/\/centralmedia.rs\/index.php\/wp-json\/wp\/v2\/users\/2"}],"replies":[{"embeddable":true,"href":"https:\/\/centralmedia.rs\/index.php\/wp-json\/wp\/v2\/comments?post=32549"}],"version-history":[{"count":4,"href":"https:\/\/centralmedia.rs\/index.php\/wp-json\/wp\/v2\/posts\/32549\/revisions"}],"predecessor-version":[{"id":32575,"href":"https:\/\/centralmedia.rs\/index.php\/wp-json\/wp\/v2\/posts\/32549\/revisions\/32575"}],"wp:featuredmedia":[{"embeddable":true,"href":"https:\/\/centralmedia.rs\/index.php\/wp-json\/wp\/v2\/media\/32550"}],"wp:attachment":[{"href":"https:\/\/centralmedia.rs\/index.php\/wp-json\/wp\/v2\/media?parent=32549"}],"wp:term":[{"taxonomy":"category","embeddable":true,"href":"https:\/\/centralmedia.rs\/index.php\/wp-json\/wp\/v2\/categories?post=32549"},{"taxonomy":"post_tag","embeddable":true,"href":"https:\/\/centralmedia.rs\/index.php\/wp-json\/wp\/v2\/tags?post=32549"}],"curies":[{"name":"wp","href":"https:\/\/api.w.org\/{rel}","templated":true}]}}