{"id":32560,"date":"2022-08-30T13:00:59","date_gmt":"2022-08-30T11:00:59","guid":{"rendered":"http:\/\/centralmedia.rs\/?p=32560"},"modified":"2022-09-07T18:12:57","modified_gmt":"2022-09-07T16:12:57","slug":"palma-jedini-srbin-koji-je-dobio-ulicu-u-jednoj-stranoj-drzavi-za-zivota","status":"publish","type":"post","link":"https:\/\/centralmedia.rs\/index.php\/2022\/08\/30\/palma-jedini-srbin-koji-je-dobio-ulicu-u-jednoj-stranoj-drzavi-za-zivota\/","title":{"rendered":"PALMA JEDINI SRBIN KOJI JE DOBIO ULICU U JEDNOJ STRANOJ DR\u017dAVI ZA \u017dIVOTA"},"content":{"rendered":"<p>Odlukom Skup\u0161tine grada Katerini predsedniku Jedinstvene Srbije, narodnom poslaniku i predsedniku Skup\u0161tine grada Jagodine Draganu Markovi\u0107a Palmi dodeljena je ulica u Paraliji koja od 29.08. 2022. godine nosi njegovo ime. Tablu sa imenom Dragana Markovi\u0107a Palme na prigodnoj sve\u010danosti otkrili su gradona\u010delnik grada Katerini Konstantinos Kuokodimos na \u010dijoj teritoriji se nalazi ova ulica duga 6,5 kilometara i Dragan Markovi\u0107 Palma. Sve\u010danosti su prisustvovali odbornici grada Katerini i \u010dlanovi srpske delegacije u poseti Gr\u010dkoj. &#8220;U Gr\u010dkoj je veoma te\u0161ko da neko ko je strani dr\u017eavljanin dobije ulicu i taj koji pokrene tako ne\u0161to mora biti veoma hrabar. U slu\u010daju Dragana Markovi\u0107a Palme, on jeste iz druge dr\u017eave, ali ta dr\u017eava je veliki prijatelj Gr\u010dke. Pre svega iste smo vere i \u010duvamo istu tradiciju, porodicu, veru i domovinu. Brate Dragane uradili smo najmanje \u0161to smo mogli za tebe. Ti si zaslu\u017eio ulicu u ovom delu Gr\u010dke &#8220;, rekao je obra\u0107aju\u0107i se prisutnima gradona\u010delnik Katerini Konstantinos Kuokodimos.<\/p>\n<div id='gallery-1' class='gallery galleryid-32560 gallery-columns-3 gallery-size-thumbnail'><figure class='gallery-item'>\n\t\t\t<div class='gallery-icon landscape'>\n\t\t\t\t<a href='https:\/\/centralmedia.rs\/index.php\/2022\/08\/30\/palma-jedini-srbin-koji-je-dobio-ulicu-u-jednoj-stranoj-drzavi-za-zivota\/palma-ulica1\/'><img loading=\"lazy\" decoding=\"async\" width=\"150\" height=\"150\" src=\"https:\/\/centralmedia.rs\/wp-content\/uploads\/2022\/08\/palma-ulica1-150x150.jpg\" class=\"attachment-thumbnail size-thumbnail\" alt=\"\" \/><\/a>\n\t\t\t<\/div><\/figure><figure class='gallery-item'>\n\t\t\t<div class='gallery-icon portrait'>\n\t\t\t\t<a href='https:\/\/centralmedia.rs\/index.php\/2022\/08\/30\/palma-jedini-srbin-koji-je-dobio-ulicu-u-jednoj-stranoj-drzavi-za-zivota\/palma-ulica2\/'><img loading=\"lazy\" decoding=\"async\" width=\"150\" height=\"150\" src=\"https:\/\/centralmedia.rs\/wp-content\/uploads\/2022\/08\/palma-ulica2-150x150.jpg\" class=\"attachment-thumbnail size-thumbnail\" alt=\"\" \/><\/a>\n\t\t\t<\/div><\/figure><figure class='gallery-item'>\n\t\t\t<div class='gallery-icon landscape'>\n\t\t\t\t<a href='https:\/\/centralmedia.rs\/index.php\/2022\/08\/30\/palma-jedini-srbin-koji-je-dobio-ulicu-u-jednoj-stranoj-drzavi-za-zivota\/palma-ulica3\/'><img loading=\"lazy\" decoding=\"async\" width=\"150\" height=\"150\" src=\"https:\/\/centralmedia.rs\/wp-content\/uploads\/2022\/08\/palma-ulica3-150x150.jpg\" class=\"attachment-thumbnail size-thumbnail\" alt=\"\" \/><\/a>\n\t\t\t<\/div><\/figure>\n\t\t<\/div>\n\n<p>PALMA : \u0160TA \u0106U , UVEK SE NA\u0110EM NA LISTI SA VELIKANIMA<\/p>\n<p>&#8220;Ime ove ulice delim sa gra\u0111anima Srbije, sa svima onima koji dolaze na odmor u regiju Pierija \u010diji je glavni grad Katerini. U svetu ima ulica \u010dija imena nose Srbi poput Kara\u0111or\u0111a, Nikole Tesle, Kralja Petra Prvog Kara\u0111or\u0111evi\u0107a , Milutina Milankovi\u0107a, ali ja nisam velikan kao oni, ali sam mo\u017eda jedini Srbin koji je dobio ulicu za \u017eivota i to je mnogo ja\u010de nego kada neko dobije ulicu posthumno. Ja \u017eelim i da se zahvalim i gr\u010dkoj vladi i premijeru Micotakisu \u0161to Gr\u010dka ne priznaje jednostrano progla\u0161enu nezavisnost Kosova i \u0161to poma\u017ee Srbiji na evropskom putu. Neko ko dobije ulicu u svetu, prvo treba da bude priznat u selu u kome \u017eivi, u gradu u kome \u017eivi, a ja u poslednjih 7 izbornih ciklusa dobijam u selu Kon\u010darevu gde \u017eivim preko 90 posto glasova, a na poslednjim republi\u010dkim izborima moja koalicija je pobedila u Jagodini. I ta pobeda i meni i Ivici Da\u010di\u0107u daje satisfakciju da poma\u017eemo predsedniku Srbije Aleksandru Vu\u010di\u0107u da vidimo kako da svaki gra\u0111anin Srbije \u017eivi od svog rada i kako da do\u010dekamo i ispratimo zimu mo\u017eda i bolje od nekih bogatijih evropskih dr\u017eava. Ja sam dobio i najvi\u0161i orden Srpske pravoslavne crkve, Orden Svetog Save Prvog stepena, a to su dobili \u0110okovi\u0107 i Putin i \u0161ta \u0107u, uvek se na\u0111em na listi gde su neki velikani&#8221;, rekao je Dragan Markovi\u0107 Palma I poru\u010dio &#8220;neka \u017eive Srbija I Gr\u010dka koje nikada niko ne mozeu da razdvoji&#8221;. Markovi\u0107 je rekao i da sada oni koji prvi put dolaze u ovaj deo Gr\u010dke mogu da u navigaciji ukucaju &#8220;ulica Dragana Markovi\u0107a Palme&#8221; i sti\u0107i \u0107e do pla\u017ee. Prisutne je pozdravio i predsednik mesne zajednice Korinos gde se nalazi Ulica Dragana Markovi\u0107a Palme, Joanis Mortanasis, koji je izrazio zahvalnost Draganu Markovi\u0107u Palmi.<\/p>\n<p>Ulica Dragana Markovi\u0107a Palme nalazi se na ulazu u Korinos, kada si\u0111ete sa autoputa i vodi vas do hotela Mediteranian Village u Paraliji.<\/p>\n","protected":false},"excerpt":{"rendered":"<p>Odlukom Skup\u0161tine grada Katerini predsedniku Jedinstvene Srbije, narodnom poslaniku i predsedniku Skup\u0161tine grada Jagodine Draganu Markovi\u0107a Palmi dodeljena je ulica u Paraliji koja od 29.08. &hellip; <\/p>\n","protected":false},"author":2,"featured_media":32561,"comment_status":"open","ping_status":"open","sticky":false,"template":"","format":"standard","meta":{"footnotes":""},"categories":[1524,2,1514,5643,13,887],"tags":[4246,120,845,3983],"_links":{"self":[{"href":"https:\/\/centralmedia.rs\/index.php\/wp-json\/wp\/v2\/posts\/32560"}],"collection":[{"href":"https:\/\/centralmedia.rs\/index.php\/wp-json\/wp\/v2\/posts"}],"about":[{"href":"https:\/\/centralmedia.rs\/index.php\/wp-json\/wp\/v2\/types\/post"}],"author":[{"embeddable":true,"href":"https:\/\/centralmedia.rs\/index.php\/wp-json\/wp\/v2\/users\/2"}],"replies":[{"embeddable":true,"href":"https:\/\/centralmedia.rs\/index.php\/wp-json\/wp\/v2\/comments?post=32560"}],"version-history":[{"count":1,"href":"https:\/\/centralmedia.rs\/index.php\/wp-json\/wp\/v2\/posts\/32560\/revisions"}],"predecessor-version":[{"id":32565,"href":"https:\/\/centralmedia.rs\/index.php\/wp-json\/wp\/v2\/posts\/32560\/revisions\/32565"}],"wp:featuredmedia":[{"embeddable":true,"href":"https:\/\/centralmedia.rs\/index.php\/wp-json\/wp\/v2\/media\/32561"}],"wp:attachment":[{"href":"https:\/\/centralmedia.rs\/index.php\/wp-json\/wp\/v2\/media?parent=32560"}],"wp:term":[{"taxonomy":"category","embeddable":true,"href":"https:\/\/centralmedia.rs\/index.php\/wp-json\/wp\/v2\/categories?post=32560"},{"taxonomy":"post_tag","embeddable":true,"href":"https:\/\/centralmedia.rs\/index.php\/wp-json\/wp\/v2\/tags?post=32560"}],"curies":[{"name":"wp","href":"https:\/\/api.w.org\/{rel}","templated":true}]}}