{"id":32590,"date":"2022-09-04T20:43:16","date_gmt":"2022-09-04T18:43:16","guid":{"rendered":"http:\/\/centralmedia.rs\/?p=32590"},"modified":"2022-09-12T16:16:47","modified_gmt":"2022-09-12T14:16:47","slug":"treci-uzastoni-trofej-superkupa-jagodinskim-rukometasicama","status":"publish","type":"post","link":"https:\/\/centralmedia.rs\/index.php\/2022\/09\/04\/treci-uzastoni-trofej-superkupa-jagodinskim-rukometasicama\/","title":{"rendered":"TRE\u0106I UZASTONI TROFEJ SUPERKUPA JAGODINSKIM RUKOMETA\u0160ICAMA (FOTO)"},"content":{"rendered":"<p>FOTO Mla\u0111an Ivanovi\u0107<\/p>\n<p>JAGODINA-Rukometa\u0161ice Jagodine osvojile su tre\u0107i zaredom \u00a0trofej pobednika Superkupa Srbije. One su ponovile uspeh iz 2020 i 2021 godine. Rezultat utakmice je glasio \u017dORK Jagodina \u2013 \u017dRK \u017delezni\u010dar 36:28 (19:15). Igra\u010dica utakmice Marija Koj\u010di\u0107. Utakmica je odigrana u hali Jasa pred 1.000 gledalaca. Ekipa Jagodine pretrpela je velike promene u odnoau na pro\u0161lu sezonu, \u010dak devet igra\u010dica nije vi\u0161e u timu, dok je \u017delezni\u010dar sa\u010duvao \u0161ampionski sastav i poja\u010dao se sa dve reprezentativke Srbije<\/p>\n<p>-Utakmica je bila za \u010distu desetku. Neverovatna pobeda. Prevelika, \u017eelja i pobedni\u010dki karakter. Nismo bili favorti, ali zato nam je bila jo\u0161 ve\u0107a \u017eelja za pobedom. U subotu po\u010dinje prvenstvo, nove pobede. \u010cestitam ekipi In\u0111ije. Na\u0161a obaveza su svi doma\u0107i trofeji i to je na\u0161 moto od koga ne odustajemo ni u ovoj sezoni, kazala je kapiten Aneta Ad\u017ei\u0107.<\/p>\n<div id='gallery-1' class='gallery galleryid-32590 gallery-columns-9 gallery-size-thumbnail'><figure class='gallery-item'>\n\t\t\t<div class='gallery-icon landscape'>\n\t\t\t\t<a href='https:\/\/centralmedia.rs\/index.php\/2022\/09\/04\/treci-uzastoni-trofej-superkupa-jagodinskim-rukometasicama\/m-ivanovic-1\/'><img loading=\"lazy\" decoding=\"async\" width=\"150\" height=\"150\" src=\"https:\/\/centralmedia.rs\/wp-content\/uploads\/2022\/09\/m.-ivanovic-1-150x150.jpg\" class=\"attachment-thumbnail size-thumbnail\" alt=\"\" \/><\/a>\n\t\t\t<\/div><\/figure><figure class='gallery-item'>\n\t\t\t<div class='gallery-icon landscape'>\n\t\t\t\t<a href='https:\/\/centralmedia.rs\/index.php\/2022\/09\/04\/treci-uzastoni-trofej-superkupa-jagodinskim-rukometasicama\/m-ivanovic-2\/'><img loading=\"lazy\" decoding=\"async\" width=\"150\" height=\"150\" src=\"https:\/\/centralmedia.rs\/wp-content\/uploads\/2022\/09\/m.-ivanovic-2-150x150.jpg\" class=\"attachment-thumbnail size-thumbnail\" alt=\"\" \/><\/a>\n\t\t\t<\/div><\/figure><figure class='gallery-item'>\n\t\t\t<div class='gallery-icon landscape'>\n\t\t\t\t<a href='https:\/\/centralmedia.rs\/index.php\/2022\/09\/04\/treci-uzastoni-trofej-superkupa-jagodinskim-rukometasicama\/m-ivanovic-3\/'><img loading=\"lazy\" decoding=\"async\" width=\"150\" height=\"150\" src=\"https:\/\/centralmedia.rs\/wp-content\/uploads\/2022\/09\/m.-ivanovic-3-150x150.jpg\" class=\"attachment-thumbnail size-thumbnail\" alt=\"\" \/><\/a>\n\t\t\t<\/div><\/figure><figure class='gallery-item'>\n\t\t\t<div class='gallery-icon landscape'>\n\t\t\t\t<a href='https:\/\/centralmedia.rs\/index.php\/2022\/09\/04\/treci-uzastoni-trofej-superkupa-jagodinskim-rukometasicama\/m-ivanovic-4\/'><img loading=\"lazy\" decoding=\"async\" width=\"150\" height=\"150\" src=\"https:\/\/centralmedia.rs\/wp-content\/uploads\/2022\/09\/m.-ivanovic-4-150x150.jpg\" class=\"attachment-thumbnail size-thumbnail\" alt=\"\" \/><\/a>\n\t\t\t<\/div><\/figure><figure class='gallery-item'>\n\t\t\t<div class='gallery-icon landscape'>\n\t\t\t\t<a href='https:\/\/centralmedia.rs\/index.php\/2022\/09\/04\/treci-uzastoni-trofej-superkupa-jagodinskim-rukometasicama\/m-ivanovic-5\/'><img loading=\"lazy\" decoding=\"async\" width=\"150\" height=\"150\" src=\"https:\/\/centralmedia.rs\/wp-content\/uploads\/2022\/09\/m.-ivanovic-5-150x150.jpg\" class=\"attachment-thumbnail size-thumbnail\" alt=\"\" \/><\/a>\n\t\t\t<\/div><\/figure><figure class='gallery-item'>\n\t\t\t<div class='gallery-icon landscape'>\n\t\t\t\t<a href='https:\/\/centralmedia.rs\/index.php\/2022\/09\/04\/treci-uzastoni-trofej-superkupa-jagodinskim-rukometasicama\/m-ivanovic-6\/'><img loading=\"lazy\" decoding=\"async\" width=\"150\" height=\"150\" src=\"https:\/\/centralmedia.rs\/wp-content\/uploads\/2022\/09\/m.-ivanovic-6-150x150.jpg\" class=\"attachment-thumbnail size-thumbnail\" alt=\"\" \/><\/a>\n\t\t\t<\/div><\/figure><figure class='gallery-item'>\n\t\t\t<div class='gallery-icon portrait'>\n\t\t\t\t<a href='https:\/\/centralmedia.rs\/index.php\/2022\/09\/04\/treci-uzastoni-trofej-superkupa-jagodinskim-rukometasicama\/m-ivanovic-7\/'><img loading=\"lazy\" decoding=\"async\" width=\"150\" height=\"150\" src=\"https:\/\/centralmedia.rs\/wp-content\/uploads\/2022\/09\/m.-ivanovic-7-150x150.jpg\" class=\"attachment-thumbnail size-thumbnail\" alt=\"\" \/><\/a>\n\t\t\t<\/div><\/figure><figure class='gallery-item'>\n\t\t\t<div class='gallery-icon portrait'>\n\t\t\t\t<a href='https:\/\/centralmedia.rs\/index.php\/2022\/09\/04\/treci-uzastoni-trofej-superkupa-jagodinskim-rukometasicama\/m-ivanovic-8\/'><img loading=\"lazy\" decoding=\"async\" width=\"150\" height=\"150\" src=\"https:\/\/centralmedia.rs\/wp-content\/uploads\/2022\/09\/m.-ivanovic-8-150x150.jpg\" class=\"attachment-thumbnail size-thumbnail\" alt=\"\" \/><\/a>\n\t\t\t<\/div><\/figure><figure class='gallery-item'>\n\t\t\t<div class='gallery-icon portrait'>\n\t\t\t\t<a href='https:\/\/centralmedia.rs\/index.php\/2022\/09\/04\/treci-uzastoni-trofej-superkupa-jagodinskim-rukometasicama\/m-ivanovic-9\/'><img loading=\"lazy\" decoding=\"async\" width=\"150\" height=\"150\" src=\"https:\/\/centralmedia.rs\/wp-content\/uploads\/2022\/09\/m.-ivanovic-9-150x150.jpg\" class=\"attachment-thumbnail size-thumbnail\" alt=\"\" \/><\/a>\n\t\t\t<\/div><\/figure>\n\t\t<\/div>\n\n<p>-\u017deleli smo se da pehar ostane u Jagodini. Vredno smo trenirali mesec i po za ovu pobedu. Dali smo sve za ovu utakmicu, da dobro po\u010dnemo sezonu. Sve do jedne bile smo dobre, \u010destitam mojoj ekipi, srce mi je puno. Jedva \u010dekam da nastavimo sa pobedama, prvi su utisci posle najbolje igra\u010dice Superkupa Marije Koj\u010di\u0107.<\/p>\n<div id='gallery-2' class='gallery galleryid-32590 gallery-columns-9 gallery-size-thumbnail'><figure class='gallery-item'>\n\t\t\t<div class='gallery-icon landscape'>\n\t\t\t\t<a href='https:\/\/centralmedia.rs\/index.php\/2022\/09\/04\/treci-uzastoni-trofej-superkupa-jagodinskim-rukometasicama\/m-ivanovic-10\/'><img loading=\"lazy\" decoding=\"async\" width=\"150\" height=\"150\" src=\"https:\/\/centralmedia.rs\/wp-content\/uploads\/2022\/09\/m.-ivanovic-10-150x150.jpg\" class=\"attachment-thumbnail size-thumbnail\" alt=\"\" \/><\/a>\n\t\t\t<\/div><\/figure><figure class='gallery-item'>\n\t\t\t<div class='gallery-icon landscape'>\n\t\t\t\t<a href='https:\/\/centralmedia.rs\/index.php\/2022\/09\/04\/treci-uzastoni-trofej-superkupa-jagodinskim-rukometasicama\/m-ivanovic-11\/'><img loading=\"lazy\" decoding=\"async\" width=\"150\" height=\"150\" src=\"https:\/\/centralmedia.rs\/wp-content\/uploads\/2022\/09\/m.-ivanovic-11-150x150.jpg\" class=\"attachment-thumbnail size-thumbnail\" alt=\"\" \/><\/a>\n\t\t\t<\/div><\/figure><figure class='gallery-item'>\n\t\t\t<div class='gallery-icon landscape'>\n\t\t\t\t<a href='https:\/\/centralmedia.rs\/index.php\/2022\/09\/04\/treci-uzastoni-trofej-superkupa-jagodinskim-rukometasicama\/m-ivanovic-12\/'><img loading=\"lazy\" decoding=\"async\" width=\"150\" height=\"150\" src=\"https:\/\/centralmedia.rs\/wp-content\/uploads\/2022\/09\/m.-ivanovic-12-150x150.jpg\" class=\"attachment-thumbnail size-thumbnail\" alt=\"\" \/><\/a>\n\t\t\t<\/div><\/figure><figure class='gallery-item'>\n\t\t\t<div class='gallery-icon landscape'>\n\t\t\t\t<a href='https:\/\/centralmedia.rs\/index.php\/2022\/09\/04\/treci-uzastoni-trofej-superkupa-jagodinskim-rukometasicama\/m-ivanovic-13\/'><img loading=\"lazy\" decoding=\"async\" width=\"150\" height=\"150\" src=\"https:\/\/centralmedia.rs\/wp-content\/uploads\/2022\/09\/m.-ivanovic-13-150x150.jpg\" class=\"attachment-thumbnail size-thumbnail\" alt=\"\" \/><\/a>\n\t\t\t<\/div><\/figure><figure class='gallery-item'>\n\t\t\t<div class='gallery-icon landscape'>\n\t\t\t\t<a href='https:\/\/centralmedia.rs\/index.php\/2022\/09\/04\/treci-uzastoni-trofej-superkupa-jagodinskim-rukometasicama\/m-ivanovic-14\/'><img loading=\"lazy\" decoding=\"async\" width=\"150\" height=\"150\" src=\"https:\/\/centralmedia.rs\/wp-content\/uploads\/2022\/09\/m.-ivanovic-14-150x150.jpg\" class=\"attachment-thumbnail size-thumbnail\" alt=\"\" \/><\/a>\n\t\t\t<\/div><\/figure><figure class='gallery-item'>\n\t\t\t<div class='gallery-icon landscape'>\n\t\t\t\t<a href='https:\/\/centralmedia.rs\/index.php\/2022\/09\/04\/treci-uzastoni-trofej-superkupa-jagodinskim-rukometasicama\/m-ivanovic-15\/'><img loading=\"lazy\" decoding=\"async\" width=\"150\" height=\"150\" src=\"https:\/\/centralmedia.rs\/wp-content\/uploads\/2022\/09\/m.-ivanovic-15-150x150.jpg\" class=\"attachment-thumbnail size-thumbnail\" alt=\"\" \/><\/a>\n\t\t\t<\/div><\/figure><figure class='gallery-item'>\n\t\t\t<div class='gallery-icon landscape'>\n\t\t\t\t<a href='https:\/\/centralmedia.rs\/index.php\/2022\/09\/04\/treci-uzastoni-trofej-superkupa-jagodinskim-rukometasicama\/m-ivanovic-16\/'><img loading=\"lazy\" decoding=\"async\" width=\"150\" height=\"150\" src=\"https:\/\/centralmedia.rs\/wp-content\/uploads\/2022\/09\/m.-ivanovic-16-150x150.jpg\" class=\"attachment-thumbnail size-thumbnail\" alt=\"\" \/><\/a>\n\t\t\t<\/div><\/figure><figure class='gallery-item'>\n\t\t\t<div class='gallery-icon landscape'>\n\t\t\t\t<a href='https:\/\/centralmedia.rs\/index.php\/2022\/09\/04\/treci-uzastoni-trofej-superkupa-jagodinskim-rukometasicama\/m-ivanovic-17\/'><img loading=\"lazy\" decoding=\"async\" width=\"150\" height=\"150\" src=\"https:\/\/centralmedia.rs\/wp-content\/uploads\/2022\/09\/m.-ivanovic-17-150x150.jpg\" class=\"attachment-thumbnail size-thumbnail\" alt=\"\" \/><\/a>\n\t\t\t<\/div><\/figure><figure class='gallery-item'>\n\t\t\t<div class='gallery-icon landscape'>\n\t\t\t\t<a href='https:\/\/centralmedia.rs\/index.php\/2022\/09\/04\/treci-uzastoni-trofej-superkupa-jagodinskim-rukometasicama\/m-ivanovic-18\/'><img loading=\"lazy\" decoding=\"async\" width=\"150\" height=\"150\" src=\"https:\/\/centralmedia.rs\/wp-content\/uploads\/2022\/09\/m.-ivanovic-18-150x150.jpg\" class=\"attachment-thumbnail size-thumbnail\" alt=\"\" \/><\/a>\n\t\t\t<\/div><\/figure>\n\t\t<\/div>\n\n<p>&#8211; \u017deleo bih da se zahvalim \u017delezni\u010daru iz In\u0111ije koji je u\u010dinio da svi ljubitelji rukometa u\u017eivaju u ovoj utakmici. Sigurno je da i mi i oni mo\u017eemo kvalitetnije, ali bila je ovo borbena utakmica sa mnogo \u017eelje, a to je ne\u0161to \u0161to sigurno ljudi vole. Mojim devojkama bih zaista \u010destitao na osvajanju trofeja jer ovo je potpuno nova ekipa u odnosu na prethodnu godinu i veoma je bitno za ovakvu ekipu da osete pobedu u ovakvoj utakmici, protiv ovakvog protivnika, pro\u0161logodi\u0161njeg \u0161ampiona. To nam je bilo bitno &#8211; da ova ekipa shvati \u0161ta sve mo\u017ee. \u0160to se same utakmice ti\u010de, ima stvari koje mogu da budu bolje, ali ovo nam je prva zajedni\u010dka utakmica, sa gomilom problema i devojke su uspele da se izdignu iznad svih tih stvari i poka\u017eu sportski karakter. Osvojili smo prvi trofej i nadam se da \u0107e se u ovom duhu sezona nastaviti. Hvala devojkama, gradu, klubu, ljudima koji nas podr\u017eavaju, publici iz In\u0111ije koja je ve\u010deras bila na utakmici i doprinela dobroj atmosferi. Pre svega zahvalnost ovim devojkama za trofej, lepo je osvojiti ga ponovo, rekao je trener Jagodine Dargan Markov.<\/p>\n<div id='gallery-3' class='gallery galleryid-32590 gallery-columns-9 gallery-size-thumbnail'><figure class='gallery-item'>\n\t\t\t<div class='gallery-icon landscape'>\n\t\t\t\t<a href='https:\/\/centralmedia.rs\/index.php\/2022\/09\/04\/treci-uzastoni-trofej-superkupa-jagodinskim-rukometasicama\/m-ivanovic-28\/'><img loading=\"lazy\" decoding=\"async\" width=\"150\" height=\"150\" src=\"https:\/\/centralmedia.rs\/wp-content\/uploads\/2022\/09\/m.-ivanovic-28-150x150.jpg\" class=\"attachment-thumbnail size-thumbnail\" alt=\"\" \/><\/a>\n\t\t\t<\/div><\/figure><figure class='gallery-item'>\n\t\t\t<div class='gallery-icon landscape'>\n\t\t\t\t<a href='https:\/\/centralmedia.rs\/index.php\/2022\/09\/04\/treci-uzastoni-trofej-superkupa-jagodinskim-rukometasicama\/m-ivanovic-27\/'><img loading=\"lazy\" decoding=\"async\" width=\"150\" height=\"150\" src=\"https:\/\/centralmedia.rs\/wp-content\/uploads\/2022\/09\/m.-ivanovic-27-150x150.jpg\" class=\"attachment-thumbnail size-thumbnail\" alt=\"\" \/><\/a>\n\t\t\t<\/div><\/figure><figure class='gallery-item'>\n\t\t\t<div class='gallery-icon landscape'>\n\t\t\t\t<a href='https:\/\/centralmedia.rs\/index.php\/2022\/09\/04\/treci-uzastoni-trofej-superkupa-jagodinskim-rukometasicama\/m-ivanovic-26\/'><img loading=\"lazy\" decoding=\"async\" width=\"150\" height=\"150\" src=\"https:\/\/centralmedia.rs\/wp-content\/uploads\/2022\/09\/m.-ivanovic-26-150x150.jpg\" class=\"attachment-thumbnail size-thumbnail\" alt=\"\" \/><\/a>\n\t\t\t<\/div><\/figure><figure class='gallery-item'>\n\t\t\t<div class='gallery-icon landscape'>\n\t\t\t\t<a href='https:\/\/centralmedia.rs\/index.php\/2022\/09\/04\/treci-uzastoni-trofej-superkupa-jagodinskim-rukometasicama\/m-ivanovic-25\/'><img loading=\"lazy\" decoding=\"async\" width=\"150\" height=\"150\" src=\"https:\/\/centralmedia.rs\/wp-content\/uploads\/2022\/09\/m.-ivanovic-25-150x150.jpg\" class=\"attachment-thumbnail size-thumbnail\" alt=\"\" \/><\/a>\n\t\t\t<\/div><\/figure><figure class='gallery-item'>\n\t\t\t<div class='gallery-icon landscape'>\n\t\t\t\t<a href='https:\/\/centralmedia.rs\/index.php\/2022\/09\/04\/treci-uzastoni-trofej-superkupa-jagodinskim-rukometasicama\/m-ivanovic-24\/'><img loading=\"lazy\" decoding=\"async\" width=\"150\" height=\"150\" src=\"https:\/\/centralmedia.rs\/wp-content\/uploads\/2022\/09\/m.-ivanovic-24-150x150.jpg\" class=\"attachment-thumbnail size-thumbnail\" alt=\"\" \/><\/a>\n\t\t\t<\/div><\/figure><figure class='gallery-item'>\n\t\t\t<div class='gallery-icon portrait'>\n\t\t\t\t<a href='https:\/\/centralmedia.rs\/index.php\/2022\/09\/04\/treci-uzastoni-trofej-superkupa-jagodinskim-rukometasicama\/m-ivanovic-23\/'><img loading=\"lazy\" decoding=\"async\" width=\"150\" height=\"150\" src=\"https:\/\/centralmedia.rs\/wp-content\/uploads\/2022\/09\/m.-ivanovic-23-150x150.jpg\" class=\"attachment-thumbnail size-thumbnail\" alt=\"\" \/><\/a>\n\t\t\t<\/div><\/figure><figure class='gallery-item'>\n\t\t\t<div class='gallery-icon portrait'>\n\t\t\t\t<a href='https:\/\/centralmedia.rs\/index.php\/2022\/09\/04\/treci-uzastoni-trofej-superkupa-jagodinskim-rukometasicama\/m-ivanovic-22\/'><img loading=\"lazy\" decoding=\"async\" width=\"150\" height=\"150\" src=\"https:\/\/centralmedia.rs\/wp-content\/uploads\/2022\/09\/m.-ivanovic-22-150x150.jpg\" class=\"attachment-thumbnail size-thumbnail\" alt=\"\" \/><\/a>\n\t\t\t<\/div><\/figure><figure class='gallery-item'>\n\t\t\t<div class='gallery-icon landscape'>\n\t\t\t\t<a href='https:\/\/centralmedia.rs\/index.php\/2022\/09\/04\/treci-uzastoni-trofej-superkupa-jagodinskim-rukometasicama\/m-ivanovic-21\/'><img loading=\"lazy\" decoding=\"async\" width=\"150\" height=\"150\" src=\"https:\/\/centralmedia.rs\/wp-content\/uploads\/2022\/09\/m.-ivanovic-21-150x150.jpg\" class=\"attachment-thumbnail size-thumbnail\" alt=\"\" \/><\/a>\n\t\t\t<\/div><\/figure><figure class='gallery-item'>\n\t\t\t<div class='gallery-icon landscape'>\n\t\t\t\t<a href='https:\/\/centralmedia.rs\/index.php\/2022\/09\/04\/treci-uzastoni-trofej-superkupa-jagodinskim-rukometasicama\/m-ivanovic-20\/'><img loading=\"lazy\" decoding=\"async\" width=\"150\" height=\"150\" src=\"https:\/\/centralmedia.rs\/wp-content\/uploads\/2022\/09\/m.-ivanovic-20-150x150.jpg\" class=\"attachment-thumbnail size-thumbnail\" alt=\"\" \/><\/a>\n\t\t\t<\/div><\/figure>\n\t\t<\/div>\n\n<p>SUPERKUP SRBIJE<\/p>\n<p>\u017dORK JAGODINA \u2013 \u017dRK \u017dELEZNI\u010cAR 36:28 (19:15)<\/p>\n<p>\u017dORK JAGODINA: Radivojevi\u0107, Ad\u017ei\u0107 4, Koj\u010di\u0107 12, Simatovi\u0107, Pejovi\u0107, Sukur 7, Ni\u0161avi\u0107, Guga\u010d, Hlogik, Markovi\u0107, Boji\u010di\u0107 2, \u0110ura\u0161inovi\u0107, Savi\u0107, Stojanovi\u0107, Mitrovi\u0107 11<\/p>\n<p>\u017dRK \u017dELEZNI\u010cAR: \u017dak, \u010cavri\u0107, Tabak 9, Todorovi\u0107, Zori\u0107, Kova\u010di\u0107, Pauni\u0107 4, \u017dakula, Simi\u0107 8, \u017divkov 2, \u010cinku, Ignjatovi\u0107 2, Obrenovi\u0107, Jovanovi\u0107 3, Vasiljkovi\u0107, Te\u0161i\u0107<\/p>\n<div id='gallery-4' class='gallery galleryid-32590 gallery-columns-8 gallery-size-thumbnail'><figure class='gallery-item'>\n\t\t\t<div class='gallery-icon landscape'>\n\t\t\t\t<a href='https:\/\/centralmedia.rs\/index.php\/2022\/09\/04\/treci-uzastoni-trofej-superkupa-jagodinskim-rukometasicama\/m-ivanovic-29\/'><img loading=\"lazy\" decoding=\"async\" width=\"150\" height=\"150\" src=\"https:\/\/centralmedia.rs\/wp-content\/uploads\/2022\/09\/m.-ivanovic-29-150x150.jpg\" class=\"attachment-thumbnail size-thumbnail\" alt=\"\" \/><\/a>\n\t\t\t<\/div><\/figure><figure class='gallery-item'>\n\t\t\t<div class='gallery-icon portrait'>\n\t\t\t\t<a href='https:\/\/centralmedia.rs\/index.php\/2022\/09\/04\/treci-uzastoni-trofej-superkupa-jagodinskim-rukometasicama\/m-ivanovic-30\/'><img loading=\"lazy\" decoding=\"async\" width=\"150\" height=\"150\" src=\"https:\/\/centralmedia.rs\/wp-content\/uploads\/2022\/09\/m.-ivanovic-30-150x150.jpg\" class=\"attachment-thumbnail size-thumbnail\" alt=\"\" \/><\/a>\n\t\t\t<\/div><\/figure><figure class='gallery-item'>\n\t\t\t<div class='gallery-icon landscape'>\n\t\t\t\t<a href='https:\/\/centralmedia.rs\/index.php\/2022\/09\/04\/treci-uzastoni-trofej-superkupa-jagodinskim-rukometasicama\/m-ivanovic-31\/'><img loading=\"lazy\" decoding=\"async\" width=\"150\" height=\"150\" src=\"https:\/\/centralmedia.rs\/wp-content\/uploads\/2022\/09\/m.-ivanovic-31-150x150.jpg\" class=\"attachment-thumbnail size-thumbnail\" alt=\"\" \/><\/a>\n\t\t\t<\/div><\/figure><figure class='gallery-item'>\n\t\t\t<div class='gallery-icon landscape'>\n\t\t\t\t<a href='https:\/\/centralmedia.rs\/index.php\/2022\/09\/04\/treci-uzastoni-trofej-superkupa-jagodinskim-rukometasicama\/m-ivanovic-32\/'><img loading=\"lazy\" decoding=\"async\" width=\"150\" height=\"150\" src=\"https:\/\/centralmedia.rs\/wp-content\/uploads\/2022\/09\/m.-ivanovic-32-150x150.jpg\" class=\"attachment-thumbnail size-thumbnail\" alt=\"\" \/><\/a>\n\t\t\t<\/div><\/figure><figure class='gallery-item'>\n\t\t\t<div class='gallery-icon landscape'>\n\t\t\t\t<a href='https:\/\/centralmedia.rs\/index.php\/2022\/09\/04\/treci-uzastoni-trofej-superkupa-jagodinskim-rukometasicama\/m-ivanovic-33\/'><img loading=\"lazy\" decoding=\"async\" width=\"150\" height=\"150\" src=\"https:\/\/centralmedia.rs\/wp-content\/uploads\/2022\/09\/m.-ivanovic-33-150x150.jpg\" class=\"attachment-thumbnail size-thumbnail\" alt=\"\" \/><\/a>\n\t\t\t<\/div><\/figure><figure class='gallery-item'>\n\t\t\t<div class='gallery-icon landscape'>\n\t\t\t\t<a href='https:\/\/centralmedia.rs\/index.php\/2022\/09\/04\/treci-uzastoni-trofej-superkupa-jagodinskim-rukometasicama\/m-ivanovic-34\/'><img loading=\"lazy\" decoding=\"async\" width=\"150\" height=\"150\" src=\"https:\/\/centralmedia.rs\/wp-content\/uploads\/2022\/09\/m.-ivanovic-34-150x150.jpg\" class=\"attachment-thumbnail size-thumbnail\" alt=\"\" \/><\/a>\n\t\t\t<\/div><\/figure><figure class='gallery-item'>\n\t\t\t<div class='gallery-icon landscape'>\n\t\t\t\t<a href='https:\/\/centralmedia.rs\/index.php\/2022\/09\/04\/treci-uzastoni-trofej-superkupa-jagodinskim-rukometasicama\/m-ivanovic-35\/'><img loading=\"lazy\" decoding=\"async\" width=\"150\" height=\"150\" src=\"https:\/\/centralmedia.rs\/wp-content\/uploads\/2022\/09\/m.-ivanovic-35-150x150.jpg\" class=\"attachment-thumbnail size-thumbnail\" alt=\"\" \/><\/a>\n\t\t\t<\/div><\/figure><figure class='gallery-item'>\n\t\t\t<div class='gallery-icon landscape'>\n\t\t\t\t<a href='https:\/\/centralmedia.rs\/index.php\/2022\/09\/04\/treci-uzastoni-trofej-superkupa-jagodinskim-rukometasicama\/m-ivanovic-36\/'><img loading=\"lazy\" decoding=\"async\" width=\"150\" height=\"150\" src=\"https:\/\/centralmedia.rs\/wp-content\/uploads\/2022\/09\/m.-ivanovic-36-150x150.jpg\" class=\"attachment-thumbnail size-thumbnail\" alt=\"\" \/><\/a>\n\t\t\t<\/div><\/figure>\n\t\t<\/div>\n\n<p>&nbsp;<\/p>\n","protected":false},"excerpt":{"rendered":"<p>FOTO Mla\u0111an Ivanovi\u0107 JAGODINA-Rukometa\u0161ice Jagodine osvojile su tre\u0107i zaredom \u00a0trofej pobednika Superkupa Srbije. One su ponovile uspeh iz 2020 i 2021 godine. Rezultat utakmice je &hellip; <\/p>\n","protected":false},"author":2,"featured_media":32593,"comment_status":"open","ping_status":"open","sticky":false,"template":"","format":"standard","meta":{"footnotes":""},"categories":[1524,2,5643,1514,887,21,12],"tags":[220,4034,3406],"_links":{"self":[{"href":"https:\/\/centralmedia.rs\/index.php\/wp-json\/wp\/v2\/posts\/32590"}],"collection":[{"href":"https:\/\/centralmedia.rs\/index.php\/wp-json\/wp\/v2\/posts"}],"about":[{"href":"https:\/\/centralmedia.rs\/index.php\/wp-json\/wp\/v2\/types\/post"}],"author":[{"embeddable":true,"href":"https:\/\/centralmedia.rs\/index.php\/wp-json\/wp\/v2\/users\/2"}],"replies":[{"embeddable":true,"href":"https:\/\/centralmedia.rs\/index.php\/wp-json\/wp\/v2\/comments?post=32590"}],"version-history":[{"count":3,"href":"https:\/\/centralmedia.rs\/index.php\/wp-json\/wp\/v2\/posts\/32590\/revisions"}],"predecessor-version":[{"id":32630,"href":"https:\/\/centralmedia.rs\/index.php\/wp-json\/wp\/v2\/posts\/32590\/revisions\/32630"}],"wp:featuredmedia":[{"embeddable":true,"href":"https:\/\/centralmedia.rs\/index.php\/wp-json\/wp\/v2\/media\/32593"}],"wp:attachment":[{"href":"https:\/\/centralmedia.rs\/index.php\/wp-json\/wp\/v2\/media?parent=32590"}],"wp:term":[{"taxonomy":"category","embeddable":true,"href":"https:\/\/centralmedia.rs\/index.php\/wp-json\/wp\/v2\/categories?post=32590"},{"taxonomy":"post_tag","embeddable":true,"href":"https:\/\/centralmedia.rs\/index.php\/wp-json\/wp\/v2\/tags?post=32590"}],"curies":[{"name":"wp","href":"https:\/\/api.w.org\/{rel}","templated":true}]}}