{"id":32641,"date":"2022-09-06T13:50:52","date_gmt":"2022-09-06T11:50:52","guid":{"rendered":"http:\/\/centralmedia.rs\/?p=32641"},"modified":"2022-09-20T21:33:23","modified_gmt":"2022-09-20T19:33:23","slug":"opstina-rekovac-oglasila-se-nenadleznom-u-vezi-geoloskih-istrazivanja","status":"publish","type":"post","link":"https:\/\/centralmedia.rs\/index.php\/2022\/09\/06\/opstina-rekovac-oglasila-se-nenadleznom-u-vezi-geoloskih-istrazivanja\/","title":{"rendered":"OP\u0160TINA REKOVAC OGLASILA SE NENADLE\u017dNOM U VEZI GEOLO\u0160KIH ISTRA\u017dIVANJA"},"content":{"rendered":"<p>REKOVAC- Odbor za ekologiju i za\u0161titu \u017eivotne sredine SO Rekovac u odgovoru na zahtev kompanije Balkan istra\u017eivanja \u00a0doo iz Beograda naveo je da Op\u0161tina Rekovac nema zakonskih nadle\u017enosti i ovla\u0161\u0107enja za nadzor i pra\u0107enje geolo\u0161kih istra\u017eivanja, sem obave\u0161tenja o radovima. Na ovaj na\u010din ta op\u0161tina se oglasila nenadle\u017enom u vezi geolo\u0161kih istra\u017eivanja za koja dozvolu daje resorno ministarstvo Vlade Srbije.<\/p>\n<p>-Na osnovu Zakona o rudarstvu i geolo\u0161kim istra\u017eivanjima propisano je da je davanje odobrenja za izvo\u0111enje primenjenih geolo\u0161kih istra\u017eivanja, kao i pra\u0107enje i kontrola nad izvo\u0111enjema primenjenih geolo\u0161kih istra\u017eivanja u isklju\u010divoj nadle\u017enosti Ministarstva eneregetike i rudarstva. Uzimaju\u0107i u obzir da je podnosilac zahteva dozvolu za navedena istra\u017eivanja dobio od tog ministarstva, nosilac prava na istra\u017eivanje du\u017ean je da obezbedi stru\u010dni nadzor. Op\u0161tina Rekovac nema zakonskih nadle\u017enosti i ovla\u0161\u0107enja u vezi sa tim, navodi se u odgovoru, jednoglasno izglasanom, Odbora za ekologiju i za\u0161titu \u017eivotne sredine koji je potpisao predsednik Zoran Radoi\u010di\u0107.<\/p>\n<p>-Op\u0161tina ima prava da bude obave\u0161tena o svim radovima na svojoj teritoriji i na osnovu toga zahteva dostavljanje celokupne dokumentacije na uvid. Zatim da Odbor bude obave\u0161ten o radovima koji su izvedeni, koji su u toku ili se planiraju, kao i da se dostavi izve\u0161taj o kretanju otpada, dodaje se odgovoru komaniji Balkan istra\u017eivanja.<\/p>\n<p>Ta kompanija uskoro po\u010dinje sa projektom predvi\u0111enim istra\u017enim radovima na teritoriji Rekovca.<\/p>\n<p><img loading=\"lazy\" decoding=\"async\" class=\"alignnone wp-image-32642 size-large\" src=\"http:\/\/centralmedia.rs\/wp-content\/uploads\/2022\/09\/savet-za-ekologiju-so-rekovac-e1662465037986-768x1024.jpg\" alt=\"\" width=\"640\" height=\"853\" srcset=\"https:\/\/centralmedia.rs\/wp-content\/uploads\/2022\/09\/savet-za-ekologiju-so-rekovac-e1662465037986-768x1024.jpg 768w, https:\/\/centralmedia.rs\/wp-content\/uploads\/2022\/09\/savet-za-ekologiju-so-rekovac-e1662465037986-225x300.jpg 225w, https:\/\/centralmedia.rs\/wp-content\/uploads\/2022\/09\/savet-za-ekologiju-so-rekovac-e1662465037986-315x420.jpg 315w, https:\/\/centralmedia.rs\/wp-content\/uploads\/2022\/09\/savet-za-ekologiju-so-rekovac-e1662465037986-640x853.jpg 640w, https:\/\/centralmedia.rs\/wp-content\/uploads\/2022\/09\/savet-za-ekologiju-so-rekovac-e1662465037986-681x908.jpg 681w, https:\/\/centralmedia.rs\/wp-content\/uploads\/2022\/09\/savet-za-ekologiju-so-rekovac-e1662465037986.jpg 1200w\" sizes=\"(max-width: 640px) 100vw, 640px\" \/><\/p>\n","protected":false},"excerpt":{"rendered":"<p>REKOVAC- Odbor za ekologiju i za\u0161titu \u017eivotne sredine SO Rekovac u odgovoru na zahtev kompanije Balkan istra\u017eivanja \u00a0doo iz Beograda naveo je da Op\u0161tina Rekovac &hellip; <\/p>\n","protected":false},"author":2,"featured_media":6838,"comment_status":"open","ping_status":"open","sticky":false,"template":"","format":"standard","meta":{"footnotes":""},"categories":[1524,2,13,1519,12],"tags":[5942,5943,441],"_links":{"self":[{"href":"https:\/\/centralmedia.rs\/index.php\/wp-json\/wp\/v2\/posts\/32641"}],"collection":[{"href":"https:\/\/centralmedia.rs\/index.php\/wp-json\/wp\/v2\/posts"}],"about":[{"href":"https:\/\/centralmedia.rs\/index.php\/wp-json\/wp\/v2\/types\/post"}],"author":[{"embeddable":true,"href":"https:\/\/centralmedia.rs\/index.php\/wp-json\/wp\/v2\/users\/2"}],"replies":[{"embeddable":true,"href":"https:\/\/centralmedia.rs\/index.php\/wp-json\/wp\/v2\/comments?post=32641"}],"version-history":[{"count":5,"href":"https:\/\/centralmedia.rs\/index.php\/wp-json\/wp\/v2\/posts\/32641\/revisions"}],"predecessor-version":[{"id":32674,"href":"https:\/\/centralmedia.rs\/index.php\/wp-json\/wp\/v2\/posts\/32641\/revisions\/32674"}],"wp:featuredmedia":[{"embeddable":true,"href":"https:\/\/centralmedia.rs\/index.php\/wp-json\/wp\/v2\/media\/6838"}],"wp:attachment":[{"href":"https:\/\/centralmedia.rs\/index.php\/wp-json\/wp\/v2\/media?parent=32641"}],"wp:term":[{"taxonomy":"category","embeddable":true,"href":"https:\/\/centralmedia.rs\/index.php\/wp-json\/wp\/v2\/categories?post=32641"},{"taxonomy":"post_tag","embeddable":true,"href":"https:\/\/centralmedia.rs\/index.php\/wp-json\/wp\/v2\/tags?post=32641"}],"curies":[{"name":"wp","href":"https:\/\/api.w.org\/{rel}","templated":true}]}}