{"id":32687,"date":"2022-09-01T01:43:17","date_gmt":"2022-08-31T23:43:17","guid":{"rendered":"http:\/\/centralmedia.rs\/?p=32687"},"modified":"2022-09-09T01:43:29","modified_gmt":"2022-09-08T23:43:29","slug":"pocetak-nove-skolske-godine","status":"publish","type":"post","link":"https:\/\/centralmedia.rs\/index.php\/2022\/09\/01\/pocetak-nove-skolske-godine\/","title":{"rendered":"PO\u010cETAK NOVE \u0160KOLSKE GODINE"},"content":{"rendered":"<p>SVILAJNAC- U svim osnovnim \u0161kolama na teritoriji op\u0161tine Svilajnac danas je uspe\u0161no po\u010dela nova \u0161kolska godina.<\/p>\n<div id='gallery-1' class='gallery galleryid-32687 gallery-columns-4 gallery-size-thumbnail'><figure class='gallery-item'>\n\t\t\t<div class='gallery-icon landscape'>\n\t\t\t\t<a href='https:\/\/centralmedia.rs\/index.php\/2022\/09\/01\/pocetak-nove-skolske-godine\/skola1-11\/'><img loading=\"lazy\" decoding=\"async\" width=\"150\" height=\"150\" src=\"https:\/\/centralmedia.rs\/wp-content\/uploads\/2022\/09\/skola1-150x150.jpg\" class=\"attachment-thumbnail size-thumbnail\" alt=\"\" \/><\/a>\n\t\t\t<\/div><\/figure><figure class='gallery-item'>\n\t\t\t<div class='gallery-icon landscape'>\n\t\t\t\t<a href='https:\/\/centralmedia.rs\/index.php\/2022\/09\/01\/pocetak-nove-skolske-godine\/skola2-10\/'><img loading=\"lazy\" decoding=\"async\" width=\"150\" height=\"150\" src=\"https:\/\/centralmedia.rs\/wp-content\/uploads\/2022\/09\/skola2-150x150.jpg\" class=\"attachment-thumbnail size-thumbnail\" alt=\"\" \/><\/a>\n\t\t\t<\/div><\/figure><figure class='gallery-item'>\n\t\t\t<div class='gallery-icon landscape'>\n\t\t\t\t<a href='https:\/\/centralmedia.rs\/index.php\/2022\/09\/01\/pocetak-nove-skolske-godine\/skola3-8\/'><img loading=\"lazy\" decoding=\"async\" width=\"150\" height=\"150\" src=\"https:\/\/centralmedia.rs\/wp-content\/uploads\/2022\/09\/skola3-150x150.jpg\" class=\"attachment-thumbnail size-thumbnail\" alt=\"\" \/><\/a>\n\t\t\t<\/div><\/figure><figure class='gallery-item'>\n\t\t\t<div class='gallery-icon landscape'>\n\t\t\t\t<a href='https:\/\/centralmedia.rs\/index.php\/2022\/09\/01\/pocetak-nove-skolske-godine\/skola4-8\/'><img loading=\"lazy\" decoding=\"async\" width=\"150\" height=\"150\" src=\"https:\/\/centralmedia.rs\/wp-content\/uploads\/2022\/09\/skola4-150x150.jpg\" class=\"attachment-thumbnail size-thumbnail\" alt=\"\" \/><\/a>\n\t\t\t<\/div><\/figure>\n\t\t<\/div>\n\n<p>Op\u0161tina Svilajnac poklonila je ran\u010deve za sve \u0111ake prvake sa teritorije te op\u0161tine, koje je \u0111acima sve\u010dano uru\u010dila zamenik predsednika op\u0161tine Svilajnac Dragana Radevi\u0107:<\/p>\n<p>\u201cLetnji raspust smo iskoristili za popravke koje su bile potrebne i novu \u0161kolsku godinu sve \u0161kole do\u010dekuju spremne\u201d \u2013 izjavila je ona po\u017eelev\u0161i svim \u0111acima i njihovim roditeljima sre\u0107an po\u010detak \u0161kolske godine.<\/p>\n","protected":false},"excerpt":{"rendered":"<p>SVILAJNAC- U svim osnovnim \u0161kolama na teritoriji op\u0161tine Svilajnac danas je uspe\u0161no po\u010dela nova \u0161kolska godina. Op\u0161tina Svilajnac poklonila je ran\u010deve za sve \u0111ake prvake &hellip; <\/p>\n","protected":false},"author":2,"featured_media":32688,"comment_status":"open","ping_status":"open","sticky":false,"template":"","format":"standard","meta":{"footnotes":""},"categories":[14,1524,2,887,12,5785,1517],"tags":[497,38],"_links":{"self":[{"href":"https:\/\/centralmedia.rs\/index.php\/wp-json\/wp\/v2\/posts\/32687"}],"collection":[{"href":"https:\/\/centralmedia.rs\/index.php\/wp-json\/wp\/v2\/posts"}],"about":[{"href":"https:\/\/centralmedia.rs\/index.php\/wp-json\/wp\/v2\/types\/post"}],"author":[{"embeddable":true,"href":"https:\/\/centralmedia.rs\/index.php\/wp-json\/wp\/v2\/users\/2"}],"replies":[{"embeddable":true,"href":"https:\/\/centralmedia.rs\/index.php\/wp-json\/wp\/v2\/comments?post=32687"}],"version-history":[{"count":1,"href":"https:\/\/centralmedia.rs\/index.php\/wp-json\/wp\/v2\/posts\/32687\/revisions"}],"predecessor-version":[{"id":32693,"href":"https:\/\/centralmedia.rs\/index.php\/wp-json\/wp\/v2\/posts\/32687\/revisions\/32693"}],"wp:featuredmedia":[{"embeddable":true,"href":"https:\/\/centralmedia.rs\/index.php\/wp-json\/wp\/v2\/media\/32688"}],"wp:attachment":[{"href":"https:\/\/centralmedia.rs\/index.php\/wp-json\/wp\/v2\/media?parent=32687"}],"wp:term":[{"taxonomy":"category","embeddable":true,"href":"https:\/\/centralmedia.rs\/index.php\/wp-json\/wp\/v2\/categories?post=32687"},{"taxonomy":"post_tag","embeddable":true,"href":"https:\/\/centralmedia.rs\/index.php\/wp-json\/wp\/v2\/tags?post=32687"}],"curies":[{"name":"wp","href":"https:\/\/api.w.org\/{rel}","templated":true}]}}