{"id":32697,"date":"2022-09-05T01:54:29","date_gmt":"2022-09-04T23:54:29","guid":{"rendered":"http:\/\/centralmedia.rs\/?p=32697"},"modified":"2022-09-09T01:56:13","modified_gmt":"2022-09-08T23:56:13","slug":"planinska-trka-na-beljanici","status":"publish","type":"post","link":"https:\/\/centralmedia.rs\/index.php\/2022\/09\/05\/planinska-trka-na-beljanici\/","title":{"rendered":"PLANINSKA TRKA NA BELJANICI"},"content":{"rendered":"<p>DESPOTOVAC-Sportsko udru\u017eenje \u201eEko trails\u201c i Planinarsko dru\u0161tvo \u201eBeljanica\u201c iz Svilajnca u nedelju su \u00a0organizovali planinsku trku \u201e2 Beljanica Trail\u201c u nacionalnom parku Ku\u010daj-Beljanica na padinama Beljanice. Staza je kru\u017ena, du\u017eine 17,8 kilometara sa usponom od 1.220 metara. Start je bio kod planinarske ku\u0107e \u201eSuvaja\u201c u podno\u017eju Beljanice, limit trke je bio pet sati, odnosno prilago\u0111en rekreativcima i planinarima koji stazu mogu da prepe\u0161a\u010de, a cilj je bio kao I start kod ku\u0107e \u201eSuvaja\u201c.<\/p>\n<div id='gallery-1' class='gallery galleryid-32697 gallery-columns-5 gallery-size-thumbnail'><figure class='gallery-item'>\n\t\t\t<div class='gallery-icon portrait'>\n\t\t\t\t<a href='https:\/\/centralmedia.rs\/index.php\/2022\/09\/05\/planinska-trka-na-beljanici\/pobednici1-3\/'><img loading=\"lazy\" decoding=\"async\" width=\"150\" height=\"150\" src=\"https:\/\/centralmedia.rs\/wp-content\/uploads\/2022\/09\/pobednici1-150x150.jpg\" class=\"attachment-thumbnail size-thumbnail\" alt=\"\" \/><\/a>\n\t\t\t<\/div><\/figure><figure class='gallery-item'>\n\t\t\t<div class='gallery-icon portrait'>\n\t\t\t\t<a href='https:\/\/centralmedia.rs\/index.php\/2022\/09\/05\/planinska-trka-na-beljanici\/pobednici2\/'><img loading=\"lazy\" decoding=\"async\" width=\"150\" height=\"150\" src=\"https:\/\/centralmedia.rs\/wp-content\/uploads\/2022\/09\/pobednici2-150x150.jpg\" class=\"attachment-thumbnail size-thumbnail\" alt=\"\" \/><\/a>\n\t\t\t<\/div><\/figure><figure class='gallery-item'>\n\t\t\t<div class='gallery-icon landscape'>\n\t\t\t\t<a href='https:\/\/centralmedia.rs\/index.php\/2022\/09\/05\/planinska-trka-na-beljanici\/trka-4\/'><img loading=\"lazy\" decoding=\"async\" width=\"150\" height=\"150\" src=\"https:\/\/centralmedia.rs\/wp-content\/uploads\/2022\/09\/trka-150x150.jpg\" class=\"attachment-thumbnail size-thumbnail\" alt=\"\" \/><\/a>\n\t\t\t<\/div><\/figure><figure class='gallery-item'>\n\t\t\t<div class='gallery-icon landscape'>\n\t\t\t\t<a href='https:\/\/centralmedia.rs\/index.php\/2022\/09\/05\/planinska-trka-na-beljanici\/trka1-2\/'><img loading=\"lazy\" decoding=\"async\" width=\"150\" height=\"150\" src=\"https:\/\/centralmedia.rs\/wp-content\/uploads\/2022\/09\/trka1-150x150.jpg\" class=\"attachment-thumbnail size-thumbnail\" alt=\"\" \/><\/a>\n\t\t\t<\/div><\/figure><figure class='gallery-item'>\n\t\t\t<div class='gallery-icon landscape'>\n\t\t\t\t<a href='https:\/\/centralmedia.rs\/index.php\/2022\/09\/05\/planinska-trka-na-beljanici\/c-krst-3\/'><img loading=\"lazy\" decoding=\"async\" width=\"150\" height=\"150\" src=\"https:\/\/centralmedia.rs\/wp-content\/uploads\/2022\/09\/c.-krst-150x150.jpg\" class=\"attachment-thumbnail size-thumbnail\" alt=\"\" \/><\/a>\n\t\t\t<\/div><\/figure>\n\t\t<\/div>\n\n<p>U\u010desnici su tr\u010dali se kroz \u201eLisine\u201c, preko vodopada \u201eVeliki buk\u201c, pa kroz grabovu i \u010detinarsku \u0161umu, kroz \u00a0\u010detinarske tunele, preko grebena do najvi\u0161eg vrha 1.399 metara. Zatim spu\u0161tanje do cilja \u201eSuvaje\u201c.<\/p>\n<p>Foto: Eco trail<\/p>\n","protected":false},"excerpt":{"rendered":"<p>DESPOTOVAC-Sportsko udru\u017eenje \u201eEko trails\u201c i Planinarsko dru\u0161tvo \u201eBeljanica\u201c iz Svilajnca u nedelju su \u00a0organizovali planinsku trku \u201e2 Beljanica Trail\u201c u nacionalnom parku Ku\u010daj-Beljanica na padinama &hellip; <\/p>\n","protected":false},"author":2,"featured_media":32698,"comment_status":"open","ping_status":"open","sticky":false,"template":"","format":"standard","meta":{"footnotes":""},"categories":[5786,1518,1524,2,887,21,12],"tags":[4974,51,5954],"_links":{"self":[{"href":"https:\/\/centralmedia.rs\/index.php\/wp-json\/wp\/v2\/posts\/32697"}],"collection":[{"href":"https:\/\/centralmedia.rs\/index.php\/wp-json\/wp\/v2\/posts"}],"about":[{"href":"https:\/\/centralmedia.rs\/index.php\/wp-json\/wp\/v2\/types\/post"}],"author":[{"embeddable":true,"href":"https:\/\/centralmedia.rs\/index.php\/wp-json\/wp\/v2\/users\/2"}],"replies":[{"embeddable":true,"href":"https:\/\/centralmedia.rs\/index.php\/wp-json\/wp\/v2\/comments?post=32697"}],"version-history":[{"count":3,"href":"https:\/\/centralmedia.rs\/index.php\/wp-json\/wp\/v2\/posts\/32697\/revisions"}],"predecessor-version":[{"id":32706,"href":"https:\/\/centralmedia.rs\/index.php\/wp-json\/wp\/v2\/posts\/32697\/revisions\/32706"}],"wp:featuredmedia":[{"embeddable":true,"href":"https:\/\/centralmedia.rs\/index.php\/wp-json\/wp\/v2\/media\/32698"}],"wp:attachment":[{"href":"https:\/\/centralmedia.rs\/index.php\/wp-json\/wp\/v2\/media?parent=32697"}],"wp:term":[{"taxonomy":"category","embeddable":true,"href":"https:\/\/centralmedia.rs\/index.php\/wp-json\/wp\/v2\/categories?post=32697"},{"taxonomy":"post_tag","embeddable":true,"href":"https:\/\/centralmedia.rs\/index.php\/wp-json\/wp\/v2\/tags?post=32697"}],"curies":[{"name":"wp","href":"https:\/\/api.w.org\/{rel}","templated":true}]}}