{"id":32721,"date":"2022-09-11T20:46:39","date_gmt":"2022-09-11T18:46:39","guid":{"rendered":"http:\/\/centralmedia.rs\/?p=32721"},"modified":"2022-09-19T09:27:35","modified_gmt":"2022-09-19T07:27:35","slug":"pobednik-56-resavskog-sajma-dragan-todorovic-iz-dublja-master-frigo-gradi-mlekaru-u-svilajncu","status":"publish","type":"post","link":"https:\/\/centralmedia.rs\/index.php\/2022\/09\/11\/pobednik-56-resavskog-sajma-dragan-todorovic-iz-dublja-master-frigo-gradi-mlekaru-u-svilajncu\/","title":{"rendered":"POBEDNIK 56. RESAVSKOG SAJMA DRAGAN TODOROVI\u0106 IZ DUBLJA &#8211; MASTER FRIGO GRADI MLEKARU U SVILAJNCU"},"content":{"rendered":"<p>SVILAJNAC-Na 56. Resavskom sajmu potpisan je ugovor o izgradnji mlekare u Svilajncu, a potpise su stavili predsednik te op\u0161tine Predrag Milanovi\u0107 i direktor kompanije Master frigo Radoje Cveti\u0107. Na 2 hektara bi\u0107e otvorena mlekara sa preradom 30 hiljada litara mleka dnevno i otkupni centar.<\/p>\n<p>-Op\u0161tina \u0107e naredne tri godine ulo\u017eiti 300 hiljada evra u naredne tri godine za nabavku junica. Cilj je pove\u0107anje sto\u010dnog fonda. Dr\u017eava bi trebala da zabrani izvoz mleka kao sirovine i da prodajemo gotove proizvode, jer tada iz poreza mo\u017ee da ulo\u017ei u proizvodnju mleka, rekao je Milanovi\u0107.<\/p>\n<div id='gallery-1' class='gallery galleryid-32721 gallery-columns-8 gallery-size-thumbnail'><figure class='gallery-item'>\n\t\t\t<div class='gallery-icon landscape'>\n\t\t\t\t<a href='https:\/\/centralmedia.rs\/index.php\/2022\/09\/11\/pobednik-56-resavskog-sajma-dragan-todorovic-iz-dublja-master-frigo-gradi-mlekaru-u-svilajncu\/sajam12\/'><img loading=\"lazy\" decoding=\"async\" width=\"150\" height=\"150\" src=\"https:\/\/centralmedia.rs\/wp-content\/uploads\/2022\/09\/sajam12-150x150.jpg\" class=\"attachment-thumbnail size-thumbnail\" alt=\"\" \/><\/a>\n\t\t\t<\/div><\/figure><figure class='gallery-item'>\n\t\t\t<div class='gallery-icon landscape'>\n\t\t\t\t<a href='https:\/\/centralmedia.rs\/index.php\/2022\/09\/11\/pobednik-56-resavskog-sajma-dragan-todorovic-iz-dublja-master-frigo-gradi-mlekaru-u-svilajncu\/sajam5-4\/'><img loading=\"lazy\" decoding=\"async\" width=\"150\" height=\"150\" src=\"https:\/\/centralmedia.rs\/wp-content\/uploads\/2022\/09\/sajam5-150x150.jpg\" class=\"attachment-thumbnail size-thumbnail\" alt=\"\" \/><\/a>\n\t\t\t<\/div><\/figure><figure class='gallery-item'>\n\t\t\t<div class='gallery-icon landscape'>\n\t\t\t\t<a href='https:\/\/centralmedia.rs\/index.php\/2022\/09\/11\/pobednik-56-resavskog-sajma-dragan-todorovic-iz-dublja-master-frigo-gradi-mlekaru-u-svilajncu\/sajam6-4\/'><img loading=\"lazy\" decoding=\"async\" width=\"150\" height=\"150\" src=\"https:\/\/centralmedia.rs\/wp-content\/uploads\/2022\/09\/sajam6-150x150.jpg\" class=\"attachment-thumbnail size-thumbnail\" alt=\"\" \/><\/a>\n\t\t\t<\/div><\/figure><figure class='gallery-item'>\n\t\t\t<div class='gallery-icon landscape'>\n\t\t\t\t<a href='https:\/\/centralmedia.rs\/index.php\/2022\/09\/11\/pobednik-56-resavskog-sajma-dragan-todorovic-iz-dublja-master-frigo-gradi-mlekaru-u-svilajncu\/sajam7-3\/'><img loading=\"lazy\" decoding=\"async\" width=\"150\" height=\"150\" src=\"https:\/\/centralmedia.rs\/wp-content\/uploads\/2022\/09\/sajam7-150x150.jpg\" class=\"attachment-thumbnail size-thumbnail\" alt=\"\" \/><\/a>\n\t\t\t<\/div><\/figure><figure class='gallery-item'>\n\t\t\t<div class='gallery-icon landscape'>\n\t\t\t\t<a href='https:\/\/centralmedia.rs\/index.php\/2022\/09\/11\/pobednik-56-resavskog-sajma-dragan-todorovic-iz-dublja-master-frigo-gradi-mlekaru-u-svilajncu\/sajam8-2\/'><img loading=\"lazy\" decoding=\"async\" width=\"150\" height=\"150\" src=\"https:\/\/centralmedia.rs\/wp-content\/uploads\/2022\/09\/sajam8-150x150.jpg\" class=\"attachment-thumbnail size-thumbnail\" alt=\"\" \/><\/a>\n\t\t\t<\/div><\/figure><figure class='gallery-item'>\n\t\t\t<div class='gallery-icon landscape'>\n\t\t\t\t<a href='https:\/\/centralmedia.rs\/index.php\/2022\/09\/11\/pobednik-56-resavskog-sajma-dragan-todorovic-iz-dublja-master-frigo-gradi-mlekaru-u-svilajncu\/sajam9-2\/'><img loading=\"lazy\" decoding=\"async\" width=\"150\" height=\"150\" src=\"https:\/\/centralmedia.rs\/wp-content\/uploads\/2022\/09\/sajam9-150x150.jpg\" class=\"attachment-thumbnail size-thumbnail\" alt=\"\" \/><\/a>\n\t\t\t<\/div><\/figure><figure class='gallery-item'>\n\t\t\t<div class='gallery-icon landscape'>\n\t\t\t\t<a href='https:\/\/centralmedia.rs\/index.php\/2022\/09\/11\/pobednik-56-resavskog-sajma-dragan-todorovic-iz-dublja-master-frigo-gradi-mlekaru-u-svilajncu\/sajam10-2\/'><img loading=\"lazy\" decoding=\"async\" width=\"150\" height=\"150\" src=\"https:\/\/centralmedia.rs\/wp-content\/uploads\/2022\/09\/sajam10-150x150.jpg\" class=\"attachment-thumbnail size-thumbnail\" alt=\"\" \/><\/a>\n\t\t\t<\/div><\/figure>\n\t\t<\/div>\n\n<p>-Svilajnac ima tradiciju proizvodnje mleka. Na teritoriji op\u0161tine se proizvodi hrana, tu su ljudi koji proizvode mleko. Nai\u0161ao sam podr\u0161ku i razmevanje. Op\u0161tina ima precizne podatke za sto\u010darstvo. Projekat \u0107e podr\u017eati op\u0161tina, o\u010dekujem podr\u0161ku dr\u017eave istakao je Cveti\u0107.<\/p>\n<div id='gallery-2' class='gallery galleryid-32721 gallery-columns-5 gallery-size-thumbnail'><figure class='gallery-item'>\n\t\t\t<div class='gallery-icon landscape'>\n\t\t\t\t<a href='https:\/\/centralmedia.rs\/index.php\/2022\/09\/11\/pobednik-56-resavskog-sajma-dragan-todorovic-iz-dublja-master-frigo-gradi-mlekaru-u-svilajncu\/sajam-25\/'><img loading=\"lazy\" decoding=\"async\" width=\"150\" height=\"150\" src=\"https:\/\/centralmedia.rs\/wp-content\/uploads\/2022\/09\/sajam-150x150.jpg\" class=\"attachment-thumbnail size-thumbnail\" alt=\"\" \/><\/a>\n\t\t\t<\/div><\/figure><figure class='gallery-item'>\n\t\t\t<div class='gallery-icon landscape'>\n\t\t\t\t<a href='https:\/\/centralmedia.rs\/index.php\/2022\/09\/11\/pobednik-56-resavskog-sajma-dragan-todorovic-iz-dublja-master-frigo-gradi-mlekaru-u-svilajncu\/sajam1-6\/'><img loading=\"lazy\" decoding=\"async\" width=\"150\" height=\"150\" src=\"https:\/\/centralmedia.rs\/wp-content\/uploads\/2022\/09\/sajam1-150x150.jpg\" class=\"attachment-thumbnail size-thumbnail\" alt=\"\" \/><\/a>\n\t\t\t<\/div><\/figure><figure class='gallery-item'>\n\t\t\t<div class='gallery-icon landscape'>\n\t\t\t\t<a href='https:\/\/centralmedia.rs\/index.php\/2022\/09\/11\/pobednik-56-resavskog-sajma-dragan-todorovic-iz-dublja-master-frigo-gradi-mlekaru-u-svilajncu\/sajam2-4\/'><img loading=\"lazy\" decoding=\"async\" width=\"150\" height=\"150\" src=\"https:\/\/centralmedia.rs\/wp-content\/uploads\/2022\/09\/sajam2-150x150.jpg\" class=\"attachment-thumbnail size-thumbnail\" alt=\"\" \/><\/a>\n\t\t\t<\/div><\/figure><figure class='gallery-item'>\n\t\t\t<div class='gallery-icon landscape'>\n\t\t\t\t<a href='https:\/\/centralmedia.rs\/index.php\/2022\/09\/11\/pobednik-56-resavskog-sajma-dragan-todorovic-iz-dublja-master-frigo-gradi-mlekaru-u-svilajncu\/sajam3-4\/'><img loading=\"lazy\" decoding=\"async\" width=\"150\" height=\"150\" src=\"https:\/\/centralmedia.rs\/wp-content\/uploads\/2022\/09\/sajam3-150x150.jpg\" class=\"attachment-thumbnail size-thumbnail\" alt=\"\" \/><\/a>\n\t\t\t<\/div><\/figure><figure class='gallery-item'>\n\t\t\t<div class='gallery-icon landscape'>\n\t\t\t\t<a href='https:\/\/centralmedia.rs\/index.php\/2022\/09\/11\/pobednik-56-resavskog-sajma-dragan-todorovic-iz-dublja-master-frigo-gradi-mlekaru-u-svilajncu\/sajam4-4\/'><img loading=\"lazy\" decoding=\"async\" width=\"150\" height=\"150\" src=\"https:\/\/centralmedia.rs\/wp-content\/uploads\/2022\/09\/sajam4-150x150.jpg\" class=\"attachment-thumbnail size-thumbnail\" alt=\"\" \/><\/a>\n\t\t\t<\/div><\/figure>\n\t\t<\/div>\n\n<p>Apsolutni \u0161ampion sajma je grlo Hana vlasnika Dragana Todorovi\u0107a iz Dublja, koji je kao nagradu dobio steonu junicu od Master friga i 60 hiljada dinara. Njegova jo\u0161 dva grla su pobednici po ostalim kategorijama. Pobednici po kategorijma nagra\u0111eni su po 50 hiljada dinara, a svako grlo po 7.000. Posetiocima sajma predstavili su se p\u010delari i ov\u010dari.<\/p>\n","protected":false},"excerpt":{"rendered":"<p>SVILAJNAC-Na 56. Resavskom sajmu potpisan je ugovor o izgradnji mlekare u Svilajncu, a potpise su stavili predsednik te op\u0161tine Predrag Milanovi\u0107 i direktor kompanije Master &hellip; <\/p>\n","protected":false},"author":2,"featured_media":32722,"comment_status":"open","ping_status":"open","sticky":false,"template":"","format":"standard","meta":{"footnotes":""},"categories":[22,1524,2,887,12,5785,1517],"tags":[1627,2278,38],"_links":{"self":[{"href":"https:\/\/centralmedia.rs\/index.php\/wp-json\/wp\/v2\/posts\/32721"}],"collection":[{"href":"https:\/\/centralmedia.rs\/index.php\/wp-json\/wp\/v2\/posts"}],"about":[{"href":"https:\/\/centralmedia.rs\/index.php\/wp-json\/wp\/v2\/types\/post"}],"author":[{"embeddable":true,"href":"https:\/\/centralmedia.rs\/index.php\/wp-json\/wp\/v2\/users\/2"}],"replies":[{"embeddable":true,"href":"https:\/\/centralmedia.rs\/index.php\/wp-json\/wp\/v2\/comments?post=32721"}],"version-history":[{"count":2,"href":"https:\/\/centralmedia.rs\/index.php\/wp-json\/wp\/v2\/posts\/32721\/revisions"}],"predecessor-version":[{"id":32736,"href":"https:\/\/centralmedia.rs\/index.php\/wp-json\/wp\/v2\/posts\/32721\/revisions\/32736"}],"wp:featuredmedia":[{"embeddable":true,"href":"https:\/\/centralmedia.rs\/index.php\/wp-json\/wp\/v2\/media\/32722"}],"wp:attachment":[{"href":"https:\/\/centralmedia.rs\/index.php\/wp-json\/wp\/v2\/media?parent=32721"}],"wp:term":[{"taxonomy":"category","embeddable":true,"href":"https:\/\/centralmedia.rs\/index.php\/wp-json\/wp\/v2\/categories?post=32721"},{"taxonomy":"post_tag","embeddable":true,"href":"https:\/\/centralmedia.rs\/index.php\/wp-json\/wp\/v2\/tags?post=32721"}],"curies":[{"name":"wp","href":"https:\/\/api.w.org\/{rel}","templated":true}]}}