{"id":32737,"date":"2022-09-11T20:52:46","date_gmt":"2022-09-11T18:52:46","guid":{"rendered":"http:\/\/centralmedia.rs\/?p=32737"},"modified":"2022-09-26T23:18:09","modified_gmt":"2022-09-26T21:18:09","slug":"palma-necu-biti-ministar-u-novoj-vladi-srbije-ne-interesuje-me-da-li-ce-moja-koalicija-nesto-dobiti-hocu-srbija-da-dobije-svaka-cast-vucicu-za-borbu-za-srbiju","status":"publish","type":"post","link":"https:\/\/centralmedia.rs\/index.php\/2022\/09\/11\/palma-necu-biti-ministar-u-novoj-vladi-srbije-ne-interesuje-me-da-li-ce-moja-koalicija-nesto-dobiti-hocu-srbija-da-dobije-svaka-cast-vucicu-za-borbu-za-srbiju\/","title":{"rendered":"PALMA : NE\u0106U BITI MINISTAR U NOVOJ VLADI SRBIJE. NE INTERESUJE ME DA LI \u0106E MOJA KOALICIJA NE\u0160TO DOBITI, HO\u0106U SRBIJA DA DOBIJE. SVAKA \u010cAST VU\u010cI\u0106U ZA BORBU ZA SRBIJU"},"content":{"rendered":"<p>Na pitanje \u201eda li \u0107ete biti ministar u novoj Vladi Srbije\u201c, predsednik Jedinstvene Srbije Dragan Markovi\u0107 Palma je gostuju\u0107i na televiziji Pink odgovorio \u201eNe\u201c. \u201eNiti sam tra\u017eio niti mi je neko nudio ministarsko mesto i ja sam uvek govorio da \u0107u raditi za Srbiju kao da imam tri ministarska mesta i tako radim poslednjih 15 godina. Ja \u017eivim na selu i bavim se, izme\u0111u ostalih delatnosti i poljoprivredom, pa su me neki mo\u017eda zbog toga stavili u taj kontekst. Uop\u0161te me ne interesuje da li \u0107e ne\u0161to i \u0161ta dobiti moja koalicija u novoj Vladi Srbije, ja ho\u0107u Srbija da dobije i kako da se oslobodimo svakodnevnih pritisaka od Kosova i Metohije do uvo\u0111enja sankcija Rusiji, a Srbija niti \u0107e priznati takozvano nezavisno Kosovo niti \u0107e uvesti sankcije Rusiji.\u201c, rekao je Markovi\u0107. \u201ePredsednik Srbije Aleksandar Vu\u010di\u0107 svakoga dana se bori kako bi predstoje\u0107u zimu do\u010dekali spremni i \u010dak i bolje nego neke evropske dr\u017eave poput Nema\u010dke. Ja sam siguran da \u0107emo mi imati manje problema, jer smo ve\u0107 obezbedili i gas i struju i sve ono \u0161to je neophodno kako bi predstoje\u0107u zimu pregrmili. I\u00a0svaka \u010dast\u00a0predsedniku Vu\u010di\u0107u za svakodnevnu borbu. Danas je u Emiratima, sutra u Sloveniji, za koji dan u Njujorku na sednici Generalne skup\u0161tine Ujeidnjenih nacija i ono \u0161to je bitno je da svako njegovo putovanje donosi rezultat za Srbiju i nije on slu\u010dajno pobedio u prvom krugu predsedni\u010dkih izbora\u201c, kazao je predsednik Jedinstvene Srbije.<\/p>\n<p><img loading=\"lazy\" decoding=\"async\" class=\"alignnone wp-image-32739 size-large\" src=\"http:\/\/centralmedia.rs\/wp-content\/uploads\/2022\/09\/pink-palma1-1024x577.jpg\" alt=\"\" width=\"640\" height=\"361\" srcset=\"https:\/\/centralmedia.rs\/wp-content\/uploads\/2022\/09\/pink-palma1-1024x577.jpg 1024w, https:\/\/centralmedia.rs\/wp-content\/uploads\/2022\/09\/pink-palma1-300x169.jpg 300w, https:\/\/centralmedia.rs\/wp-content\/uploads\/2022\/09\/pink-palma1-768x433.jpg 768w, https:\/\/centralmedia.rs\/wp-content\/uploads\/2022\/09\/pink-palma1-745x420.jpg 745w, https:\/\/centralmedia.rs\/wp-content\/uploads\/2022\/09\/pink-palma1-640x361.jpg 640w, https:\/\/centralmedia.rs\/wp-content\/uploads\/2022\/09\/pink-palma1-681x384.jpg 681w, https:\/\/centralmedia.rs\/wp-content\/uploads\/2022\/09\/pink-palma1.jpg 1600w\" sizes=\"(max-width: 640px) 100vw, 640px\" \/><\/p>\n<p>SLEDE\u0106E GODINE MO\u017dEMO O\u010cEKIVATI VELIKI TALAS SRBA IZ INOSTRANSTVA DA SE VRATE U SRBIJU<\/p>\n<p>\u201eJa nisam Baba Vanga, ali procenjujem da \u0107e od naredne godine 200 000 Srba koji \u017eive i rade u inostranstvu hteti da se vrate u Srbiju zato \u0161to je cena \u017eivota u tim dr\u017eavama ve\u0107a nego \u0161to su im primanja, a u Srbiji nije tako. I sad ovim putem molim i poslodavce u Srbiji, vlasnike stranih fabrika da pove\u0107aju plate radnicima. Najeftinija struja na svetu je u Srbiji, a u Austriji je poslednjih godina struja poskupela 400 posto za doma\u0107instva i da vidimo kako da pomognemo onima koji primaju plate od 35 000 do 40 000 dinara i to \u0107e biti moj apel vlasnicima stranih fabrika u Srbiji\u201c, kazao je predsednik Jedinstvene Srbije.<\/p>\n<p>U SOLUNU \u0106U TRA\u017dITI OD GRKA DA GRA\u0110ANIMA SRBIJE OMOGU\u0106E ULAZAK SA LI\u010cNOM KARTOM<\/p>\n<p>\u201ePrilikom moje naredne posete Gr\u010dkoj, ta\u010dnije Solunu, a to \u0107e biti u naredna dva meseca, tra\u017ei\u0107u od na\u0161ih gr\u010dkih prijatelja da gra\u0111ani Srbije imaju tu privilegiju, kao sa dr\u017eavama koje su \u010dlanice inicijative \u201eOtvoreni Balkan\u201c, da dozvole gra\u0111anima Srbije da mogu da putuju u Gr\u010dku samo sa li\u010dnom kartom. Znam da \u0107e to biti te\u0161ko jer je Gr\u010dka \u010dlanica Evropske unije, pa mora i da po\u0161tuje zakone Evropske unije, ali to \u0107e biti moja zahtev prilikom naredne posete, jer gra\u0111ani Srbije su najbrojniji gosti u toj zemlji tokom letnje sezone, samo ove sezone je bilo 700 000 turista iz Srbije i Gr\u010dkoj, a u poslednjih 30 godina na\u0161i gra\u0111ani su u Gr\u010dkoj napraili nekoliko gradova veli\u010dine Paralije\u201c, izavio je Markovi\u0107 koji je i po\u010dasni konzul Gr\u010dke u Srbiji.<\/p>\n<p>&nbsp;<\/p>\n","protected":false},"excerpt":{"rendered":"<p>Na pitanje \u201eda li \u0107ete biti ministar u novoj Vladi Srbije\u201c, predsednik Jedinstvene Srbije Dragan Markovi\u0107 Palma je gostuju\u0107i na televiziji Pink odgovorio \u201eNe\u201c. \u201eNiti &hellip; <\/p>\n","protected":false},"author":2,"featured_media":32738,"comment_status":"open","ping_status":"open","sticky":false,"template":"","format":"standard","meta":{"footnotes":""},"categories":[1524,2,1514,5643,13,887,12],"tags":[120,5014],"_links":{"self":[{"href":"https:\/\/centralmedia.rs\/index.php\/wp-json\/wp\/v2\/posts\/32737"}],"collection":[{"href":"https:\/\/centralmedia.rs\/index.php\/wp-json\/wp\/v2\/posts"}],"about":[{"href":"https:\/\/centralmedia.rs\/index.php\/wp-json\/wp\/v2\/types\/post"}],"author":[{"embeddable":true,"href":"https:\/\/centralmedia.rs\/index.php\/wp-json\/wp\/v2\/users\/2"}],"replies":[{"embeddable":true,"href":"https:\/\/centralmedia.rs\/index.php\/wp-json\/wp\/v2\/comments?post=32737"}],"version-history":[{"count":1,"href":"https:\/\/centralmedia.rs\/index.php\/wp-json\/wp\/v2\/posts\/32737\/revisions"}],"predecessor-version":[{"id":32740,"href":"https:\/\/centralmedia.rs\/index.php\/wp-json\/wp\/v2\/posts\/32737\/revisions\/32740"}],"wp:featuredmedia":[{"embeddable":true,"href":"https:\/\/centralmedia.rs\/index.php\/wp-json\/wp\/v2\/media\/32738"}],"wp:attachment":[{"href":"https:\/\/centralmedia.rs\/index.php\/wp-json\/wp\/v2\/media?parent=32737"}],"wp:term":[{"taxonomy":"category","embeddable":true,"href":"https:\/\/centralmedia.rs\/index.php\/wp-json\/wp\/v2\/categories?post=32737"},{"taxonomy":"post_tag","embeddable":true,"href":"https:\/\/centralmedia.rs\/index.php\/wp-json\/wp\/v2\/tags?post=32737"}],"curies":[{"name":"wp","href":"https:\/\/api.w.org\/{rel}","templated":true}]}}