{"id":32761,"date":"2022-09-16T13:48:19","date_gmt":"2022-09-16T11:48:19","guid":{"rendered":"http:\/\/centralmedia.rs\/?p=32761"},"modified":"2022-09-20T21:34:25","modified_gmt":"2022-09-20T19:34:25","slug":"nije-bez-razloga-sto-je-srpska-premijera-predstave-o-patrijarhu-pavlu-odigrana-u-jagodini","status":"publish","type":"post","link":"https:\/\/centralmedia.rs\/index.php\/2022\/09\/16\/nije-bez-razloga-sto-je-srpska-premijera-predstave-o-patrijarhu-pavlu-odigrana-u-jagodini\/","title":{"rendered":"NIJE BEZ RAZLOGA \u0160TO JE SRPSKA PREMIJERA PREDSTAVE O PATRIJARHU PAVLU ODIGRANA U JAGODINI"},"content":{"rendered":"<p>Duodrama o patrijarhu Pavlu \u201cPatrijarh Pavle \u2013 biti \u010dovek me\u0111u ljudima i neljudima\u201d imala je svoju srpsku premijeru u Jagodini, pod pokroviteljstvom Skup\u0161tine grada Jagodije, a u organizaciji Portala orthdoxfriends.global i jagodinskog Kulturnog centra. Predstava je po tekstu biografa Patrijarha Pavla dr Jovana Janji\u0107a, a u re\u017eiji glumca i reditelja, ina\u010de direktora Srpskog pozori\u0161ta u Budimpe\u0161ti Milana Rusa. Naslovnu ulogu patrijarha Pavla igra Milan Malba\u0161a, a novinara koji razgovara sa patrijarhom igra Aleksandar Duni\u0107. Nakon odigrane predstave odr\u017eana je konferencija za novinare.<\/p>\n<div id='gallery-1' class='gallery galleryid-32761 gallery-columns-9 gallery-size-thumbnail'><figure class='gallery-item'>\n\t\t\t<div class='gallery-icon landscape'>\n\t\t\t\t<a href='https:\/\/centralmedia.rs\/index.php\/2022\/09\/16\/nije-bez-razloga-sto-je-srpska-premijera-predstave-o-patrijarhu-pavlu-odigrana-u-jagodini\/slika-9\/'><img loading=\"lazy\" decoding=\"async\" width=\"150\" height=\"150\" src=\"https:\/\/centralmedia.rs\/wp-content\/uploads\/2022\/09\/SLIKA-9-150x150.jpg\" class=\"attachment-thumbnail size-thumbnail\" alt=\"\" \/><\/a>\n\t\t\t<\/div><\/figure><figure class='gallery-item'>\n\t\t\t<div class='gallery-icon landscape'>\n\t\t\t\t<a href='https:\/\/centralmedia.rs\/index.php\/2022\/09\/16\/nije-bez-razloga-sto-je-srpska-premijera-predstave-o-patrijarhu-pavlu-odigrana-u-jagodini\/slika-8\/'><img loading=\"lazy\" decoding=\"async\" width=\"150\" height=\"150\" src=\"https:\/\/centralmedia.rs\/wp-content\/uploads\/2022\/09\/SLIKA-8-150x150.jpg\" class=\"attachment-thumbnail size-thumbnail\" alt=\"\" \/><\/a>\n\t\t\t<\/div><\/figure><figure class='gallery-item'>\n\t\t\t<div class='gallery-icon landscape'>\n\t\t\t\t<a href='https:\/\/centralmedia.rs\/index.php\/2022\/09\/16\/nije-bez-razloga-sto-je-srpska-premijera-predstave-o-patrijarhu-pavlu-odigrana-u-jagodini\/slika-7\/'><img loading=\"lazy\" decoding=\"async\" width=\"150\" height=\"150\" src=\"https:\/\/centralmedia.rs\/wp-content\/uploads\/2022\/09\/SLIKA-7-150x150.jpg\" class=\"attachment-thumbnail size-thumbnail\" alt=\"\" \/><\/a>\n\t\t\t<\/div><\/figure><figure class='gallery-item'>\n\t\t\t<div class='gallery-icon landscape'>\n\t\t\t\t<a href='https:\/\/centralmedia.rs\/index.php\/2022\/09\/16\/nije-bez-razloga-sto-je-srpska-premijera-predstave-o-patrijarhu-pavlu-odigrana-u-jagodini\/slika-6\/'><img loading=\"lazy\" decoding=\"async\" width=\"150\" height=\"150\" src=\"https:\/\/centralmedia.rs\/wp-content\/uploads\/2022\/09\/SLIKA-6-150x150.jpg\" class=\"attachment-thumbnail size-thumbnail\" alt=\"\" \/><\/a>\n\t\t\t<\/div><\/figure><figure class='gallery-item'>\n\t\t\t<div class='gallery-icon landscape'>\n\t\t\t\t<a href='https:\/\/centralmedia.rs\/index.php\/2022\/09\/16\/nije-bez-razloga-sto-je-srpska-premijera-predstave-o-patrijarhu-pavlu-odigrana-u-jagodini\/slika-5\/'><img loading=\"lazy\" decoding=\"async\" width=\"150\" height=\"150\" src=\"https:\/\/centralmedia.rs\/wp-content\/uploads\/2022\/09\/SLIKA-5-150x150.jpg\" class=\"attachment-thumbnail size-thumbnail\" alt=\"\" \/><\/a>\n\t\t\t<\/div><\/figure><figure class='gallery-item'>\n\t\t\t<div class='gallery-icon landscape'>\n\t\t\t\t<a href='https:\/\/centralmedia.rs\/index.php\/2022\/09\/16\/nije-bez-razloga-sto-je-srpska-premijera-predstave-o-patrijarhu-pavlu-odigrana-u-jagodini\/slika-4\/'><img loading=\"lazy\" decoding=\"async\" width=\"150\" height=\"150\" src=\"https:\/\/centralmedia.rs\/wp-content\/uploads\/2022\/09\/SLIKA-4-150x150.jpg\" class=\"attachment-thumbnail size-thumbnail\" alt=\"\" \/><\/a>\n\t\t\t<\/div><\/figure><figure class='gallery-item'>\n\t\t\t<div class='gallery-icon landscape'>\n\t\t\t\t<a href='https:\/\/centralmedia.rs\/index.php\/2022\/09\/16\/nije-bez-razloga-sto-je-srpska-premijera-predstave-o-patrijarhu-pavlu-odigrana-u-jagodini\/slika-3-2\/'><img loading=\"lazy\" decoding=\"async\" width=\"150\" height=\"150\" src=\"https:\/\/centralmedia.rs\/wp-content\/uploads\/2022\/09\/SLIKA-3-150x150.jpg\" class=\"attachment-thumbnail size-thumbnail\" alt=\"\" \/><\/a>\n\t\t\t<\/div><\/figure><figure class='gallery-item'>\n\t\t\t<div class='gallery-icon landscape'>\n\t\t\t\t<a href='https:\/\/centralmedia.rs\/index.php\/2022\/09\/16\/nije-bez-razloga-sto-je-srpska-premijera-predstave-o-patrijarhu-pavlu-odigrana-u-jagodini\/slika-2-5\/'><img loading=\"lazy\" decoding=\"async\" width=\"150\" height=\"150\" src=\"https:\/\/centralmedia.rs\/wp-content\/uploads\/2022\/09\/SLIKA-2-150x150.jpg\" class=\"attachment-thumbnail size-thumbnail\" alt=\"\" \/><\/a>\n\t\t\t<\/div><\/figure><figure class='gallery-item'>\n\t\t\t<div class='gallery-icon landscape'>\n\t\t\t\t<a href='https:\/\/centralmedia.rs\/index.php\/2022\/09\/16\/nije-bez-razloga-sto-je-srpska-premijera-predstave-o-patrijarhu-pavlu-odigrana-u-jagodini\/slika-1-7\/'><img loading=\"lazy\" decoding=\"async\" width=\"150\" height=\"150\" src=\"https:\/\/centralmedia.rs\/wp-content\/uploads\/2022\/09\/SLIKA-1-150x150.jpg\" class=\"attachment-thumbnail size-thumbnail\" alt=\"\" \/><\/a>\n\t\t\t<\/div><\/figure>\n\t\t<\/div>\n\n<p>MALBA\u0160A : \u010cAST MI JE GLUMITI PATRIJARHA PAVLA<\/p>\n<p>\u201cJa sam prezadovoljan, bila je sjajna atmosfera u gotovo punoj sali. Predivno je igrati i lepo se ose\u0107am u ulozi Patrijarha Pavla i \u010dast je glumiti takvu veli\u010dinu. Bog me je obdario da ba\u0161 ja budem taj \u010dovek koji \u0107e igrati Patrijarha Pavla, a to nikada ne bi mogao da nije Aleksandra Duni\u0107a, Jovana Janji\u0107a i Milana Rusa. Kompletna ekipa ja zaslu\u017ena za ovu predstavu, a ja sam samo mali deo toga i hvala publici u Jagodini\u201d, rekao je Milan Malba\u0161a.<\/p>\n<p>DUNI\u0106 . TEKST JE POTPUNO ORGINALAN, SVE SU AUTENTI\u010cNE RE\u010cI PATRIJARHA PAVLA<\/p>\n<p>\u201cIzvrstan tekst i izvrsna tema, ne\u0161to \u0161to do sada nije kod nas ra\u0111eno ni obra\u0111ivano. Patrijarh Pavle je velika li\u010dnost kojoj smo se mi divili i imali smo sre\u0107u da sretnemo Jovana Janji\u0107a koji je Pavlov biograf i koji je bio toliko dugo sa njim i u su\u0161tini Jovan Janji\u0107 je jedina prava i kompetetna li\u010dnost koja je bila sposobna da napi\u0161e ovaj komad. Mi smo se strogo dr\u017eali autenti\u010dnog teksta i Malba\u0161a i ja smo se dogovorili da apsolutno ni\u0161ta ne\u0107emo menjati ni dopisivati u odnosu na tekst Jovana Janji\u0107a. Tekst koji smo igrali je potpuno originalan zato \u0161to je Patrijarh Pavle bio tako veliki autoritet da smo mi samo \u017eeleli da poku\u0161amo da ga doma\u0161imo i da ovo bude na\u0161 skromni prilog da se o Patrijarhu Pavlu ponovo progovori i da se ponovo \u010duju njegove misli\u201d, kazao je Aleksandar Duni\u0107.<\/p>\n<p>JANJI\u0106 : NIJE BEZ RAZLOGA \u0160TO JE SRPSKA PREMIJERA PREDSTAVE O PATRIJARHU PAVLU ODIGRANA U JAGODINI<\/p>\n<p>\u201cKa\u017ee Patrijarh Pavle \u201cdobro je nepropadljivo\u201d i zato i ve\u010deras vidim da dobro uvek dobre plodove donosi i da ono vaskrsava, o\u017eivljava. Ono \u0161to je Patrijarh Pavle govorio \u010duli smo ve\u010deras u umetni\u010dkom izrazu Milana Malba\u0161e, Aleksandra Duni\u0107a i re\u017eisera Milana Rusa. Tekst sam pisao tako da nisam imao potrebu da bilo \u0161ta dodajem ili neku mo\u017eda imaginaciju. Re\u010d je o velikom \u010doveku, mo\u017eda na\u0161em najve\u0107em savremeniku i ako je to tako, a jeste, onda njegove re\u010di valja sa\u010duvati, na njima se u\u010diti i prenositi ih. Ta dobra energija slo\u017eila sa i ovaplotila u ovom lepom umetni\u010dkom izrazu i nije bez razloga \u0161to je srpska premijera upravo odigrana u Jagodini. Ovde u Jagodini se stvorila ta dobra duhovna klima i s razlogom je svoj put u srpskom narodu predstava o Patrijarhu Pavlu po\u010dela u Jagodini\u201d, izjavio je autor teksta dr Jovan Janji\u0107, biograf Patrijarha Pavla.<\/p>\n<p>RUS : VE\u010cE U JAGODINI BILA JE \u010cAROBNA<\/p>\n<p>\u201c1813. godine je u Budimpe\u0161ti odr\u017eana prva gra\u0111anska predstava na srpskom jeziku i bila je to \u201cKre\u0161talica\u201d koju je tada re\u017eirao Joakim Vuji\u0107, koji je tako\u0111e ro\u0111en u Ma\u0111arskoj. Mi u Ma\u0111arskoj imamo ogromnu tradiciju, a po predanju, do\u0161li smo iz ovih krajeva pod vodstvom jednog drugog patrijarha Arsenija \u010carnojevi\u0107a. Sa\u010duvali smo folklornu i jezi\u010dku tradiciju i mi i danas govorimo srpskim jezikom za razliku od nekih u drugim zemljama gde ve\u0107 tre\u0107a generacija vi\u0161e ne govori srpski. U Ma\u0111arskoj danas ima 40 \u2013 ak srpskih crkava koje funkcioni\u0161u i gde se vrenici sakupljaju. Kada sam ovaj tekst pro\u010ditao, jako mi se dopao i \u017eeleo sam da re\u017eiram tu predstavu i stvarno mi je \u010dast raditi sa Milanom Malba\u0161om, Aleksandrom Duni\u0107em i Jovanom Janji\u0107em. Ve\u010de u Jagodini je bila \u010darobna\u201d, istakao je re\u017eiser Milan Rus direktor Srpskog pozori\u0161ta u Budimpe\u0161ti. Premijeri u Jagodini prisustvovao je i gradona\u010delnik Jagodine Ratko Stevanovi\u0107, poverenik manastira Hilandar za Srbiju Milo\u0161 Stojkovi\u0107, sve\u0161tenstvo namesni\u0161tva Beli\u010dkog i veliki broj gra\u0111ana.<\/p>\n","protected":false},"excerpt":{"rendered":"<p>Duodrama o patrijarhu Pavlu \u201cPatrijarh Pavle \u2013 biti \u010dovek me\u0111u ljudima i neljudima\u201d imala je svoju srpsku premijeru u Jagodini, pod pokroviteljstvom Skup\u0161tine grada Jagodije, &hellip; <\/p>\n","protected":false},"author":2,"featured_media":32771,"comment_status":"open","ping_status":"open","sticky":false,"template":"","format":"standard","meta":{"footnotes":""},"categories":[1524,2,5643,1514,15,887,12],"tags":[58,5916,1685],"_links":{"self":[{"href":"https:\/\/centralmedia.rs\/index.php\/wp-json\/wp\/v2\/posts\/32761"}],"collection":[{"href":"https:\/\/centralmedia.rs\/index.php\/wp-json\/wp\/v2\/posts"}],"about":[{"href":"https:\/\/centralmedia.rs\/index.php\/wp-json\/wp\/v2\/types\/post"}],"author":[{"embeddable":true,"href":"https:\/\/centralmedia.rs\/index.php\/wp-json\/wp\/v2\/users\/2"}],"replies":[{"embeddable":true,"href":"https:\/\/centralmedia.rs\/index.php\/wp-json\/wp\/v2\/comments?post=32761"}],"version-history":[{"count":1,"href":"https:\/\/centralmedia.rs\/index.php\/wp-json\/wp\/v2\/posts\/32761\/revisions"}],"predecessor-version":[{"id":32772,"href":"https:\/\/centralmedia.rs\/index.php\/wp-json\/wp\/v2\/posts\/32761\/revisions\/32772"}],"wp:featuredmedia":[{"embeddable":true,"href":"https:\/\/centralmedia.rs\/index.php\/wp-json\/wp\/v2\/media\/32771"}],"wp:attachment":[{"href":"https:\/\/centralmedia.rs\/index.php\/wp-json\/wp\/v2\/media?parent=32761"}],"wp:term":[{"taxonomy":"category","embeddable":true,"href":"https:\/\/centralmedia.rs\/index.php\/wp-json\/wp\/v2\/categories?post=32761"},{"taxonomy":"post_tag","embeddable":true,"href":"https:\/\/centralmedia.rs\/index.php\/wp-json\/wp\/v2\/tags?post=32761"}],"curies":[{"name":"wp","href":"https:\/\/api.w.org\/{rel}","templated":true}]}}