{"id":32792,"date":"2022-09-19T18:53:33","date_gmt":"2022-09-19T16:53:33","guid":{"rendered":"http:\/\/centralmedia.rs\/?p=32792"},"modified":"2022-09-30T18:30:43","modified_gmt":"2022-09-30T16:30:43","slug":"nova-generacija-studenata-u-jagodini","status":"publish","type":"post","link":"https:\/\/centralmedia.rs\/index.php\/2022\/09\/19\/nova-generacija-studenata-u-jagodini\/","title":{"rendered":"NOVA GENERACIJA STUDENATA U JAGODINI"},"content":{"rendered":"<p>JAGODINA-Na Fakultetu pedago\u0161kih nauka u Jagodini danas je odr\u017eana sve\u010dana dodela indeksa studentima prve godine.<\/p>\n<div id='gallery-1' class='gallery galleryid-32792 gallery-columns-4 gallery-size-thumbnail'><figure class='gallery-item'>\n\t\t\t<div class='gallery-icon landscape'>\n\t\t\t\t<a href='https:\/\/centralmedia.rs\/index.php\/2022\/09\/19\/nova-generacija-studenata-u-jagodini\/brucosi\/'><img loading=\"lazy\" decoding=\"async\" width=\"150\" height=\"150\" src=\"https:\/\/centralmedia.rs\/wp-content\/uploads\/2022\/09\/brucosi-150x150.jpg\" class=\"attachment-thumbnail size-thumbnail\" alt=\"\" \/><\/a>\n\t\t\t<\/div><\/figure><figure class='gallery-item'>\n\t\t\t<div class='gallery-icon landscape'>\n\t\t\t\t<a href='https:\/\/centralmedia.rs\/index.php\/2022\/09\/19\/nova-generacija-studenata-u-jagodini\/brucosi1\/'><img loading=\"lazy\" decoding=\"async\" width=\"150\" height=\"150\" src=\"https:\/\/centralmedia.rs\/wp-content\/uploads\/2022\/09\/brucosi1-150x150.jpg\" class=\"attachment-thumbnail size-thumbnail\" alt=\"\" \/><\/a>\n\t\t\t<\/div><\/figure><figure class='gallery-item'>\n\t\t\t<div class='gallery-icon landscape'>\n\t\t\t\t<a href='https:\/\/centralmedia.rs\/index.php\/2022\/09\/19\/nova-generacija-studenata-u-jagodini\/brucosi2\/'><img loading=\"lazy\" decoding=\"async\" width=\"150\" height=\"150\" src=\"https:\/\/centralmedia.rs\/wp-content\/uploads\/2022\/09\/brucosi2-150x150.jpg\" class=\"attachment-thumbnail size-thumbnail\" alt=\"\" \/><\/a>\n\t\t\t<\/div><\/figure><figure class='gallery-item'>\n\t\t\t<div class='gallery-icon landscape'>\n\t\t\t\t<a href='https:\/\/centralmedia.rs\/index.php\/2022\/09\/19\/nova-generacija-studenata-u-jagodini\/indeksi1\/'><img loading=\"lazy\" decoding=\"async\" width=\"150\" height=\"150\" src=\"https:\/\/centralmedia.rs\/wp-content\/uploads\/2022\/09\/indeksi1-150x150.jpg\" class=\"attachment-thumbnail size-thumbnail\" alt=\"\" \/><\/a>\n\t\t\t<\/div><\/figure>\n\t\t<\/div>\n\n<p>\u201cSve je bilo druga\u010dije prethodnih nekoliko godina, a sada smo evo, ponovo na okupu, u nadi da \u0107emo uspeti da se vratimo \u017eivotu koji poznajemo i koji smo pri\u017eel\u0458kivali ve\u0107 pomalo upla\u0161eni, ho\u0107emo li ga uop\u0161te ponovo do\u010dekati. Otuda vas sa rado\u0161\u0107u pozdravl\u0458am i nadom da \u0107emo u godinama koje slede i koje \u0107emo podeliti pod ovim krovom zdanja, uspeti da nadoknadimo dane izgubl\u0458enog dru\u017eenja, radosti u\u010denja u \u017eivim susretima, bezbri\u017enost okupl\u0458anja na muzi\u010dkim, sportskim i ostalim de\u0161avanjima kojih smo se klonili u strahu za zdravl\u0458e i \u017eivot\u201c, kazala je prof. dr Violeta Jovanovi\u0107, dekan Fakulteta pedago\u0161kih nauka u Jagodini.<\/p>\n<p>Bruco\u0161ima su se potom obratili Sne\u017eana Vuka\u0161inovi\u0107, zamenica gradona\u010delnika grada Jagodina, i Sne\u017eana Aleksi\u0107, predsednik Studentskog parlamenta Fakulteta pedago\u0161kih nauka.<\/p>\n<p>U\u017eivo su nastupili \u010dlanovi orkestra Fakulteta pedago\u0161kih nauka u Jagodini.<\/p>\n","protected":false},"excerpt":{"rendered":"<p>JAGODINA-Na Fakultetu pedago\u0161kih nauka u Jagodini danas je odr\u017eana sve\u010dana dodela indeksa studentima prve godine. \u201cSve je bilo druga\u010dije prethodnih nekoliko godina, a sada smo &hellip; <\/p>\n","protected":false},"author":2,"featured_media":32793,"comment_status":"open","ping_status":"open","sticky":false,"template":"","format":"standard","meta":{"footnotes":""},"categories":[14,1524,2,1514,5643,887,12],"tags":[5958,2531,5959,58],"_links":{"self":[{"href":"https:\/\/centralmedia.rs\/index.php\/wp-json\/wp\/v2\/posts\/32792"}],"collection":[{"href":"https:\/\/centralmedia.rs\/index.php\/wp-json\/wp\/v2\/posts"}],"about":[{"href":"https:\/\/centralmedia.rs\/index.php\/wp-json\/wp\/v2\/types\/post"}],"author":[{"embeddable":true,"href":"https:\/\/centralmedia.rs\/index.php\/wp-json\/wp\/v2\/users\/2"}],"replies":[{"embeddable":true,"href":"https:\/\/centralmedia.rs\/index.php\/wp-json\/wp\/v2\/comments?post=32792"}],"version-history":[{"count":1,"href":"https:\/\/centralmedia.rs\/index.php\/wp-json\/wp\/v2\/posts\/32792\/revisions"}],"predecessor-version":[{"id":32798,"href":"https:\/\/centralmedia.rs\/index.php\/wp-json\/wp\/v2\/posts\/32792\/revisions\/32798"}],"wp:featuredmedia":[{"embeddable":true,"href":"https:\/\/centralmedia.rs\/index.php\/wp-json\/wp\/v2\/media\/32793"}],"wp:attachment":[{"href":"https:\/\/centralmedia.rs\/index.php\/wp-json\/wp\/v2\/media?parent=32792"}],"wp:term":[{"taxonomy":"category","embeddable":true,"href":"https:\/\/centralmedia.rs\/index.php\/wp-json\/wp\/v2\/categories?post=32792"},{"taxonomy":"post_tag","embeddable":true,"href":"https:\/\/centralmedia.rs\/index.php\/wp-json\/wp\/v2\/tags?post=32792"}],"curies":[{"name":"wp","href":"https:\/\/api.w.org\/{rel}","templated":true}]}}