{"id":32830,"date":"2022-09-22T17:10:19","date_gmt":"2022-09-22T15:10:19","guid":{"rendered":"http:\/\/centralmedia.rs\/?p=32830"},"modified":"2022-09-26T23:18:47","modified_gmt":"2022-09-26T21:18:47","slug":"investicije-prostincu-i-durincu","status":"publish","type":"post","link":"https:\/\/centralmedia.rs\/index.php\/2022\/09\/22\/investicije-prostincu-i-durincu\/","title":{"rendered":"INVESTICIJE PRO\u0160TINCU I \u0110URINCU"},"content":{"rendered":"<p>SVILAJNAC-Predsednik op\u0161tine Svilajnac Predrag Milanovi\u0107 obi\u0161ao je sela Pro\u0161tinac i \u0110urinac, gde je na terenu obi\u0161ao radove koji su u toku u ovim selima i razgovarao sa me\u0161tanima o njihovim potrebama i problemima:<\/p>\n<div id='gallery-1' class='gallery galleryid-32830 gallery-columns-7 gallery-size-thumbnail'><figure class='gallery-item'>\n\t\t\t<div class='gallery-icon landscape'>\n\t\t\t\t<a href='https:\/\/centralmedia.rs\/index.php\/2022\/09\/22\/investicije-prostincu-i-durincu\/prostinac-2\/'><img loading=\"lazy\" decoding=\"async\" width=\"150\" height=\"150\" src=\"https:\/\/centralmedia.rs\/wp-content\/uploads\/2022\/09\/prostinac-150x150.jpg\" class=\"attachment-thumbnail size-thumbnail\" alt=\"\" \/><\/a>\n\t\t\t<\/div><\/figure><figure class='gallery-item'>\n\t\t\t<div class='gallery-icon landscape'>\n\t\t\t\t<a href='https:\/\/centralmedia.rs\/index.php\/2022\/09\/22\/investicije-prostincu-i-durincu\/prostinac1-2\/'><img loading=\"lazy\" decoding=\"async\" width=\"150\" height=\"150\" src=\"https:\/\/centralmedia.rs\/wp-content\/uploads\/2022\/09\/prostinac1-150x150.jpg\" class=\"attachment-thumbnail size-thumbnail\" alt=\"\" \/><\/a>\n\t\t\t<\/div><\/figure><figure class='gallery-item'>\n\t\t\t<div class='gallery-icon landscape'>\n\t\t\t\t<a href='https:\/\/centralmedia.rs\/index.php\/2022\/09\/22\/investicije-prostincu-i-durincu\/prostinac2-2\/'><img loading=\"lazy\" decoding=\"async\" width=\"150\" height=\"150\" src=\"https:\/\/centralmedia.rs\/wp-content\/uploads\/2022\/09\/prostinac2-150x150.jpg\" class=\"attachment-thumbnail size-thumbnail\" alt=\"\" \/><\/a>\n\t\t\t<\/div><\/figure><figure class='gallery-item'>\n\t\t\t<div class='gallery-icon landscape'>\n\t\t\t\t<a href='https:\/\/centralmedia.rs\/index.php\/2022\/09\/22\/investicije-prostincu-i-durincu\/prostinac3-2\/'><img loading=\"lazy\" decoding=\"async\" width=\"150\" height=\"150\" src=\"https:\/\/centralmedia.rs\/wp-content\/uploads\/2022\/09\/prostinac3-150x150.jpg\" class=\"attachment-thumbnail size-thumbnail\" alt=\"\" \/><\/a>\n\t\t\t<\/div><\/figure><figure class='gallery-item'>\n\t\t\t<div class='gallery-icon landscape'>\n\t\t\t\t<a href='https:\/\/centralmedia.rs\/index.php\/2022\/09\/22\/investicije-prostincu-i-durincu\/prostinac4-2\/'><img loading=\"lazy\" decoding=\"async\" width=\"150\" height=\"150\" src=\"https:\/\/centralmedia.rs\/wp-content\/uploads\/2022\/09\/prostinac4-150x150.jpg\" class=\"attachment-thumbnail size-thumbnail\" alt=\"\" \/><\/a>\n\t\t\t<\/div><\/figure><figure class='gallery-item'>\n\t\t\t<div class='gallery-icon landscape'>\n\t\t\t\t<a href='https:\/\/centralmedia.rs\/index.php\/2022\/09\/22\/investicije-prostincu-i-durincu\/prostinac5\/'><img loading=\"lazy\" decoding=\"async\" width=\"150\" height=\"150\" src=\"https:\/\/centralmedia.rs\/wp-content\/uploads\/2022\/09\/prostinac5-150x150.jpg\" class=\"attachment-thumbnail size-thumbnail\" alt=\"\" \/><\/a>\n\t\t\t<\/div><\/figure><figure class='gallery-item'>\n\t\t\t<div class='gallery-icon landscape'>\n\t\t\t\t<a href='https:\/\/centralmedia.rs\/index.php\/2022\/09\/22\/investicije-prostincu-i-durincu\/prostinac6\/'><img loading=\"lazy\" decoding=\"async\" width=\"150\" height=\"150\" src=\"https:\/\/centralmedia.rs\/wp-content\/uploads\/2022\/09\/prostinac6-150x150.jpg\" class=\"attachment-thumbnail size-thumbnail\" alt=\"\" \/><\/a>\n\t\t\t<\/div><\/figure>\n\t\t<\/div>\n\n<p>U Pro\u0161tincu se privode kraju radovi na ure\u0111enju potoka kod \u010duvene \u010desme u ovom selu:<\/p>\n<p>\u201eTamo gde postoje inicijative mesne zajednice op\u0161tina \u0107e uvek pomo\u0107i. Kada odete u selo na teren i me\u0111u me\u0161tane uvek saznate ne\u0161to novo i na taj na\u010din re\u0161avamo i manje i ve\u0107e probleme. U Pro\u0161tincu je zamenjena rasveta i na inicijativu me\u0161tana pomogli smo ure\u0111enje potoka, me\u0161tani su se organizovali za okolinu i to \u0107e biti jedno lepo i ure\u0111eno mesto za okupljanja\u201c \u2013 izjavio je Milanovi\u0107.<\/p>\n<p>U \u0110urincu su u toku radovi na izradi rezervoara za vodu, a ovom prilikom predsednik Milanovi\u0107 obi\u0161ao je i \u0161kolu, kako bi video \u0161ta je potrebno da se uradi na ovom objektu:<\/p>\n<p>\u201eU \u0110urincu se zavr\u0161ava vodosnabdevanje i \u0161kola \u0107e prva biti priklju\u010dena na vodovod. Dogovorili smo se i sa novom direktorkom O\u0160 \u201eBranko Radi\u010devi\u0107\u201c Sedlare, koja je donela jednu novu energiju, da uradimo potrebne radove na objektu \u0161kole u \u0110urincu, zameni\u0107emo i rasvetu u selu naredne godine, podr\u017ea\u0107emo i inicijativu za sre\u0111ivanje doma\u201c \u2013 rekao je Milanovi\u0107 i pozvao gra\u0111ane ovom prilikom da iza\u0111u na predstoje\u0107i referendum o uvo\u0111enju samodoprinosa u mesnim zajednicama.<\/p>\n","protected":false},"excerpt":{"rendered":"<p>SVILAJNAC-Predsednik op\u0161tine Svilajnac Predrag Milanovi\u0107 obi\u0161ao je sela Pro\u0161tinac i \u0110urinac, gde je na terenu obi\u0161ao radove koji su u toku u ovim selima i &hellip; <\/p>\n","protected":false},"author":2,"featured_media":32831,"comment_status":"open","ping_status":"open","sticky":false,"template":"","format":"standard","meta":{"footnotes":""},"categories":[1524,2,13,887,12,1517,5785],"tags":[5961,5960,38],"_links":{"self":[{"href":"https:\/\/centralmedia.rs\/index.php\/wp-json\/wp\/v2\/posts\/32830"}],"collection":[{"href":"https:\/\/centralmedia.rs\/index.php\/wp-json\/wp\/v2\/posts"}],"about":[{"href":"https:\/\/centralmedia.rs\/index.php\/wp-json\/wp\/v2\/types\/post"}],"author":[{"embeddable":true,"href":"https:\/\/centralmedia.rs\/index.php\/wp-json\/wp\/v2\/users\/2"}],"replies":[{"embeddable":true,"href":"https:\/\/centralmedia.rs\/index.php\/wp-json\/wp\/v2\/comments?post=32830"}],"version-history":[{"count":1,"href":"https:\/\/centralmedia.rs\/index.php\/wp-json\/wp\/v2\/posts\/32830\/revisions"}],"predecessor-version":[{"id":32839,"href":"https:\/\/centralmedia.rs\/index.php\/wp-json\/wp\/v2\/posts\/32830\/revisions\/32839"}],"wp:featuredmedia":[{"embeddable":true,"href":"https:\/\/centralmedia.rs\/index.php\/wp-json\/wp\/v2\/media\/32831"}],"wp:attachment":[{"href":"https:\/\/centralmedia.rs\/index.php\/wp-json\/wp\/v2\/media?parent=32830"}],"wp:term":[{"taxonomy":"category","embeddable":true,"href":"https:\/\/centralmedia.rs\/index.php\/wp-json\/wp\/v2\/categories?post=32830"},{"taxonomy":"post_tag","embeddable":true,"href":"https:\/\/centralmedia.rs\/index.php\/wp-json\/wp\/v2\/tags?post=32830"}],"curies":[{"name":"wp","href":"https:\/\/api.w.org\/{rel}","templated":true}]}}