{"id":32846,"date":"2022-09-25T11:32:22","date_gmt":"2022-09-25T09:32:22","guid":{"rendered":"http:\/\/centralmedia.rs\/?p=32846"},"modified":"2022-09-27T20:37:49","modified_gmt":"2022-09-27T18:37:49","slug":"palma-poveo-u-egipat-delegaciju-srbije-od-144-clana","status":"publish","type":"post","link":"https:\/\/centralmedia.rs\/index.php\/2022\/09\/25\/palma-poveo-u-egipat-delegaciju-srbije-od-144-clana\/","title":{"rendered":"PALMA POVEO U EGIPAT DELEGACIJU SRBIJE OD 144 \u010cLANA"},"content":{"rendered":"<p>Sa beogradskog aerodroma 144-\u010dlana srpska delegacija na \u010delu sa predsednikom Jedinstvene Srbije, narodnim poslanikom i predsednikom Skup\u0161tine grada Jagodne Draganom Markovi\u0107em Palmom jutros je otputovala u Egipat, u grad \u0160arm El \u0160eik, koji se nalazi na jugu Sinajskog poluostrva. &#8220;Ovo je \u0161esti put kako u organizaciji Grada Jagodine, a o tro\u0161ku donatora vodim delegacije u Egipat. Sa nama u delegaciji su oni koji hrane gradjane, a to su poljoprivrednici, oni koji zapo\u0161ljavaju gradjane, to su privrednici, oni koji le\u010de gradjane, to su zdravstveni radnici iz 25 zdravstvenih ustanova iz svih krajeva Srbije, zatim oni koji \u010duvaju veru, to su sve\u0161tenici Srpske pravoslavne crkve i oni koji le\u010de du\u0161u, a to su muzi\u010dari, tako da \u0107e se na jugu Sinaja \u010duti i Moravac i Uzicko kolo. Dakle, kao i uvek, sportski re\u010deno, delegacija je u kompletnom sastavu. U Egipat putujemo na poziv Guvernera Ju\u017enog Sinaja Haleda Fude. Politi\u010dko-privredni deo delegacije ima\u0107e vi\u0161e sastanaka i na\u0161 cilj je da tradicionalno prijateljstvo sa Egiptom postane i tradicionalna privredna saradnja izme\u0111u Srbije i najva\u017enije zemlje Bliskog istoka 110 &#8211; milionskog Egipta. Sve tro\u0161kove ovog putovanja snose donatori kojima se i ovim putem zahvaljujem. Siguran sam da \u0107emo po povratku doneti lepe vesti i korist za na\u0161e gradjane, kao i uvek do sada. I sa ovim putovanjem je upoznat predsednik Srbije Aleksandar Vu\u010di\u0107. Svi koji se bave politikom u Srbiji treba, ma gde da se nalaze, da rade u interesu svoje dr\u017eave i svojih gradjana, kao \u0161to to radi predsednik Vu\u010di\u0107. Svi moramo biti deo jednog nacionalnoj tima, kao sino\u0107 na\u0161a fudbalska reprezentacija protiv \u0160vedske. I mi \u0107emo u Egiptu, kao u uvek i svuda, &#8220;igrati&#8221; za Srbiju i na\u0161e gradjane&#8221;, rekao je Markovic u izjavi novinarima pred polazak za Egipat. Srpska delegacija \u0107e boraviti u Egiptu do 02. oktobra.<\/p>\n<div id='gallery-1' class='gallery galleryid-32846 gallery-columns-2 gallery-size-thumbnail'><figure class='gallery-item'>\n\t\t\t<div class='gallery-icon landscape'>\n\t\t\t\t<a href='https:\/\/centralmedia.rs\/index.php\/2022\/09\/25\/palma-poveo-u-egipat-delegaciju-srbije-od-144-clana\/palma1-17\/'><img loading=\"lazy\" decoding=\"async\" width=\"150\" height=\"150\" src=\"https:\/\/centralmedia.rs\/wp-content\/uploads\/2022\/09\/palma1-150x150.jpg\" class=\"attachment-thumbnail size-thumbnail\" alt=\"\" \/><\/a>\n\t\t\t<\/div><\/figure><figure class='gallery-item'>\n\t\t\t<div class='gallery-icon landscape'>\n\t\t\t\t<a href='https:\/\/centralmedia.rs\/index.php\/2022\/09\/25\/palma-poveo-u-egipat-delegaciju-srbije-od-144-clana\/palma2-11\/'><img loading=\"lazy\" decoding=\"async\" width=\"150\" height=\"150\" src=\"https:\/\/centralmedia.rs\/wp-content\/uploads\/2022\/09\/palma2-150x150.jpg\" class=\"attachment-thumbnail size-thumbnail\" alt=\"\" \/><\/a>\n\t\t\t<\/div><\/figure>\n\t\t<\/div>\n\n","protected":false},"excerpt":{"rendered":"<p>Sa beogradskog aerodroma 144-\u010dlana srpska delegacija na \u010delu sa predsednikom Jedinstvene Srbije, narodnim poslanikom i predsednikom Skup\u0161tine grada Jagodne Draganom Markovi\u0107em Palmom jutros je otputovala &hellip; <\/p>\n","protected":false},"author":2,"featured_media":32847,"comment_status":"open","ping_status":"open","sticky":false,"template":"","format":"standard","meta":{"footnotes":""},"categories":[1524,2,5643,1514,13,887,12],"tags":[3532,3513,58,120],"_links":{"self":[{"href":"https:\/\/centralmedia.rs\/index.php\/wp-json\/wp\/v2\/posts\/32846"}],"collection":[{"href":"https:\/\/centralmedia.rs\/index.php\/wp-json\/wp\/v2\/posts"}],"about":[{"href":"https:\/\/centralmedia.rs\/index.php\/wp-json\/wp\/v2\/types\/post"}],"author":[{"embeddable":true,"href":"https:\/\/centralmedia.rs\/index.php\/wp-json\/wp\/v2\/users\/2"}],"replies":[{"embeddable":true,"href":"https:\/\/centralmedia.rs\/index.php\/wp-json\/wp\/v2\/comments?post=32846"}],"version-history":[{"count":1,"href":"https:\/\/centralmedia.rs\/index.php\/wp-json\/wp\/v2\/posts\/32846\/revisions"}],"predecessor-version":[{"id":32850,"href":"https:\/\/centralmedia.rs\/index.php\/wp-json\/wp\/v2\/posts\/32846\/revisions\/32850"}],"wp:featuredmedia":[{"embeddable":true,"href":"https:\/\/centralmedia.rs\/index.php\/wp-json\/wp\/v2\/media\/32847"}],"wp:attachment":[{"href":"https:\/\/centralmedia.rs\/index.php\/wp-json\/wp\/v2\/media?parent=32846"}],"wp:term":[{"taxonomy":"category","embeddable":true,"href":"https:\/\/centralmedia.rs\/index.php\/wp-json\/wp\/v2\/categories?post=32846"},{"taxonomy":"post_tag","embeddable":true,"href":"https:\/\/centralmedia.rs\/index.php\/wp-json\/wp\/v2\/tags?post=32846"}],"curies":[{"name":"wp","href":"https:\/\/api.w.org\/{rel}","templated":true}]}}