{"id":32851,"date":"2022-09-26T20:44:52","date_gmt":"2022-09-26T18:44:52","guid":{"rendered":"http:\/\/centralmedia.rs\/?p=32851"},"modified":"2022-09-28T16:08:48","modified_gmt":"2022-09-28T14:08:48","slug":"in-memoriam-dejan-milosevic-1971-2022","status":"publish","type":"post","link":"https:\/\/centralmedia.rs\/index.php\/2022\/09\/26\/in-memoriam-dejan-milosevic-1971-2022\/","title":{"rendered":"IN MEMORIAM: DEJAN MILO\u0160EVI\u0106 1971. \u2013 2022."},"content":{"rendered":"<p>Posle kratke i te\u0161ke bolesti danas je preminuo novinar Dejan Milo\u0161evi\u0107 (52) iz Jagodine. Jedan od milion kome je ro\u0111enjem bilo predodre\u0111eno da bude novinar i \u017eiveo novinarstvo prakti\u010dno do samog kraja \u017eivota. Posledica te\u0161ke bolesti zatekla ga je na novinarskom terenu, na doga\u0111aju sa kog je izve\u0161tavao pro\u0161log utorka. Sa mikrofonom u ruci. Nedelju dana, koliko je trajala kratka borba lekara za njegov \u017eivot, jagodinski medijski delatnici su sa zebnjom pratili svaku vest, o\u010dekuju\u0107i da se dogodi bilo kakav pozitivni pomak, ve\u0107 je uspevao da prevari smrt. Na\u017ealost to se nije dogodilo. Dejan je prerano oti\u0161ao iz novinarstva i \u017eivota Jagodine,a pre svega veliki je gubitak za njegovu porodicu.<\/p>\n<p>Radni vek proveo je u redakcijama Novog puta od 1991. godine do pre nedelju dana.Plenio je slu\u0161aoce i gledaoce svojim rasko\u0161nim novinarskim talentom prilikom izve\u0161tavanja sa doga\u0111anja. Bio je majstor svog poslao i najbolji izdanak jagodinske \u0161kole novinara. Izve\u0161tavao je sa sportskih doga\u0111aja,bio je sportista u du\u0161i, po \u010demu ga poznaje ve\u0107ina Jagodinaca, ali se sa lako\u0107om poigravao i ostalim rubrikama i novinarskim \u017eanrovima. Kao promoter direktan je u\u010desnik svih najva\u017enijih javnih doga\u0111aja u Jagodini od sporta do politike u protekle tri decenije. Novinarstvo i javni nastup su mu bili u krvi. Mogao je da radi u bilo kom nacionalnom mediju, me\u0111utim, ostao je veran Jagodini, koja nikada nije umela i znala da bar elementarno po\u0161tuje medijske radnike. Gubitak u tom smislu je ogroman i nenadoknadiv.<\/p>\n<p>Sahrana Dejana Milo\u0161evi\u0107a bi\u0107e odr\u017eana u sredu, 28. septembra u 13.30 na groblju u Jagodini.<\/p>\n","protected":false},"excerpt":{"rendered":"<p>Posle kratke i te\u0161ke bolesti danas je preminuo novinar Dejan Milo\u0161evi\u0107 (52) iz Jagodine. Jedan od milion kome je ro\u0111enjem bilo predodre\u0111eno da bude novinar &hellip; <\/p>\n","protected":false},"author":2,"featured_media":32852,"comment_status":"open","ping_status":"open","sticky":false,"template":"","format":"standard","meta":{"footnotes":""},"categories":[1524,1514],"tags":[2816,58,792],"_links":{"self":[{"href":"https:\/\/centralmedia.rs\/index.php\/wp-json\/wp\/v2\/posts\/32851"}],"collection":[{"href":"https:\/\/centralmedia.rs\/index.php\/wp-json\/wp\/v2\/posts"}],"about":[{"href":"https:\/\/centralmedia.rs\/index.php\/wp-json\/wp\/v2\/types\/post"}],"author":[{"embeddable":true,"href":"https:\/\/centralmedia.rs\/index.php\/wp-json\/wp\/v2\/users\/2"}],"replies":[{"embeddable":true,"href":"https:\/\/centralmedia.rs\/index.php\/wp-json\/wp\/v2\/comments?post=32851"}],"version-history":[{"count":3,"href":"https:\/\/centralmedia.rs\/index.php\/wp-json\/wp\/v2\/posts\/32851\/revisions"}],"predecessor-version":[{"id":32855,"href":"https:\/\/centralmedia.rs\/index.php\/wp-json\/wp\/v2\/posts\/32851\/revisions\/32855"}],"wp:featuredmedia":[{"embeddable":true,"href":"https:\/\/centralmedia.rs\/index.php\/wp-json\/wp\/v2\/media\/32852"}],"wp:attachment":[{"href":"https:\/\/centralmedia.rs\/index.php\/wp-json\/wp\/v2\/media?parent=32851"}],"wp:term":[{"taxonomy":"category","embeddable":true,"href":"https:\/\/centralmedia.rs\/index.php\/wp-json\/wp\/v2\/categories?post=32851"},{"taxonomy":"post_tag","embeddable":true,"href":"https:\/\/centralmedia.rs\/index.php\/wp-json\/wp\/v2\/tags?post=32851"}],"curies":[{"name":"wp","href":"https:\/\/api.w.org\/{rel}","templated":true}]}}