{"id":32868,"date":"2022-09-28T16:07:19","date_gmt":"2022-09-28T14:07:19","guid":{"rendered":"http:\/\/centralmedia.rs\/?p=32868"},"modified":"2022-09-30T18:29:59","modified_gmt":"2022-09-30T16:29:59","slug":"palma-prijateljstvo-sa-egiptom-pretvaramo-u-ekonomsku-saradnju","status":"publish","type":"post","link":"https:\/\/centralmedia.rs\/index.php\/2022\/09\/28\/palma-prijateljstvo-sa-egiptom-pretvaramo-u-ekonomsku-saradnju\/","title":{"rendered":"PALMA : PRIJATELjSTVO SA EGIPTOM PRETVARAMO U EKONOMSKU SARADNjU"},"content":{"rendered":"<p>U veli\u010danstvenom ambijentu najekskluzivnijeg hotela na &#8220;arapskoj azurnoj obali&#8221;, u \u0160arm El \u0160eiku, hotela RIXOS PREMIUM, odr\u017ean je sastanak srpskih i egipatskih privrednika, koji je u \u010dast\u00a0 \u0161efa srpske delegacije, predsednika Jedinstvene Srbije Dragana Markovi\u0107a Palme priredio guverner Ju\u017enog Sinaja general Haled Fuda. Markovi\u0107a i na\u0161u delegaciju do\u010dekao je vlasnik lanca najskupljih hotela u Egiptu RIXOS i egipatski milijarder Naser Abdulatif, \u010diji su i lanci hotela \u010carlton, Radamis, Oriental i Island vienj resort. Sastanku, kao i radnoj ve\u010deri prisustvovali su i srpski i egipatski privrednici, kao i deo na\u0161e delegacije u poseti Egiptu. &#8220;Razgovarao sam sa generalom Fudom i vlasnikom Rid\u017eosa Naserom o ja\u010danju ekonomske saradnje. Srbija je postala va\u017ena turisti\u010dka destinacija u Evropi i samim tim je postala i zanimljiva i lancu hotela Rid\u017eos, jednom od najekskluzivnijih na svetu. Pozvao sam na\u0161e doma\u0107ine da do\u0111u u Srbiju i dovedu privrednike i investitore. Jedan Naser je zapo\u010deo prijateljstvo sa na\u0161om zemljom, a sa dana\u0161njim Naserom to prijateljstvo pretvaramo u ekonomsku saradnju. Na\u0161i sagovornici su zainteresovani za ve\u0107i uvoz proizvoda iz Srbije koji prema Egiptu mogu da idu preko luke u Solunu i vazdu\u0161nim putem. Ja sam od guvernera Fude dobio klju\u010d grada \u0160arm El \u0160eika, a kada vam neko pokloni prakti\u010dno klju\u010d od svoje ku\u0107e onda znate \u0161ta to zna\u010di. Vrata su nam otvorena. A pored toga na\u0161i egipatski prijatelji su predlo\u017eili i bratimljenje Jagodine i grada Dahaba, koji ima najlep\u0161e pla\u017ee u ovom delu Egipta i najve\u0107i je ronila\u010dki centar. Ja sam mojim doma\u0107inima rekao da je Srbija danas dr\u017eava u Evropi sa najni\u017eim cenama energenata, struje i goriva, sa najni\u017eim cenama hrane i to zahvaljuju\u0107i predsedniku Aleksandru Vu\u010di\u0107u. General Fuda i gospodin Naser su izrazili zabrinutost za svoju zemlju u pogledu nabavke hrane za svojih 110 miliona stanovnika u situaciji vojne i ekonomske krize. Tu je \u0161ansa za Srbiju i na\u0161e proizvode, posebno nakon Sporazuma o strate\u0161koj saradnji koji su potpisali predsednici Vu\u010di\u0107 i El Sisi. Ostalo je jo\u0161 da prilikom na\u0161e slede\u0107e posete grad Jagodina dobije dva do tri hektara zemlje na obali Crvenog mora, pa da postavimo srpsku zastavu kod na\u0161e egipatske bra\u0107e&#8221; rekao je Markovi\u0107.<\/p>\n<div id='gallery-1' class='gallery galleryid-32868 gallery-columns-3 gallery-size-thumbnail'><figure class='gallery-item'>\n\t\t\t<div class='gallery-icon landscape'>\n\t\t\t\t<a href='https:\/\/centralmedia.rs\/index.php\/2022\/09\/28\/palma-prijateljstvo-sa-egiptom-pretvaramo-u-ekonomsku-saradnju\/palma-privrednici1\/'><img loading=\"lazy\" decoding=\"async\" width=\"150\" height=\"150\" src=\"https:\/\/centralmedia.rs\/wp-content\/uploads\/2022\/09\/palma-privrednici1-150x150.jpg\" class=\"attachment-thumbnail size-thumbnail\" alt=\"\" \/><\/a>\n\t\t\t<\/div><\/figure><figure class='gallery-item'>\n\t\t\t<div class='gallery-icon landscape'>\n\t\t\t\t<a href='https:\/\/centralmedia.rs\/index.php\/2022\/09\/28\/palma-prijateljstvo-sa-egiptom-pretvaramo-u-ekonomsku-saradnju\/palma-privrednici2\/'><img loading=\"lazy\" decoding=\"async\" width=\"150\" height=\"150\" src=\"https:\/\/centralmedia.rs\/wp-content\/uploads\/2022\/09\/palma-privrednici2-150x150.jpg\" class=\"attachment-thumbnail size-thumbnail\" alt=\"\" \/><\/a>\n\t\t\t<\/div><\/figure><figure class='gallery-item'>\n\t\t\t<div class='gallery-icon portrait'>\n\t\t\t\t<a href='https:\/\/centralmedia.rs\/index.php\/2022\/09\/28\/palma-prijateljstvo-sa-egiptom-pretvaramo-u-ekonomsku-saradnju\/palma-privrednici\/'><img loading=\"lazy\" decoding=\"async\" width=\"150\" height=\"150\" src=\"https:\/\/centralmedia.rs\/wp-content\/uploads\/2022\/09\/palma-privrednici-150x150.jpg\" class=\"attachment-thumbnail size-thumbnail\" alt=\"\" \/><\/a>\n\t\t\t<\/div><\/figure>\n\t\t<\/div>\n\n<p>OVO JE VA\u0160A ZEMLjA MISTER PALMA<\/p>\n<p>General Haled Fuda je rekao Markovi\u0107u &#8220;ovo je va\u0161a zemlja mister Palma&#8221; i izrazio spremnost za saradnju na svim poljima. &#8221; Jutros sam bio na sastanku u Kairu i sada sa vama u \u0160arm El \u0160eiku. Imate klju\u010d od mog grada, poziv za bratimljenje i otvorena vrata za privrednu, poljoprivrednu, turisti\u010dku, kulturnu i sportsku saradnju&#8221; rekao je General Fuda. Vlasnik lanca hotela Rid\u017eos Naser Abdullatif je\u00a0 rekao da je ova ve\u0107e po\u010detak saradnje i izrazio zaintetesovanost za investiranje u\u00a0 Srbiji. Sastanku je prisustvovao i ambasador Srbije u Egiptu Miroslav \u0160estovi\u0107.<\/p>\n","protected":false},"excerpt":{"rendered":"<p>U veli\u010danstvenom ambijentu najekskluzivnijeg hotela na &#8220;arapskoj azurnoj obali&#8221;, u \u0160arm El \u0160eiku, hotela RIXOS PREMIUM, odr\u017ean je sastanak srpskih i egipatskih privrednika, koji je &hellip; <\/p>\n","protected":false},"author":2,"featured_media":32871,"comment_status":"open","ping_status":"open","sticky":false,"template":"","format":"standard","meta":{"footnotes":""},"categories":[1524,2,5643,1514,13,887,12],"tags":[3513,120,1536],"_links":{"self":[{"href":"https:\/\/centralmedia.rs\/index.php\/wp-json\/wp\/v2\/posts\/32868"}],"collection":[{"href":"https:\/\/centralmedia.rs\/index.php\/wp-json\/wp\/v2\/posts"}],"about":[{"href":"https:\/\/centralmedia.rs\/index.php\/wp-json\/wp\/v2\/types\/post"}],"author":[{"embeddable":true,"href":"https:\/\/centralmedia.rs\/index.php\/wp-json\/wp\/v2\/users\/2"}],"replies":[{"embeddable":true,"href":"https:\/\/centralmedia.rs\/index.php\/wp-json\/wp\/v2\/comments?post=32868"}],"version-history":[{"count":1,"href":"https:\/\/centralmedia.rs\/index.php\/wp-json\/wp\/v2\/posts\/32868\/revisions"}],"predecessor-version":[{"id":32872,"href":"https:\/\/centralmedia.rs\/index.php\/wp-json\/wp\/v2\/posts\/32868\/revisions\/32872"}],"wp:featuredmedia":[{"embeddable":true,"href":"https:\/\/centralmedia.rs\/index.php\/wp-json\/wp\/v2\/media\/32871"}],"wp:attachment":[{"href":"https:\/\/centralmedia.rs\/index.php\/wp-json\/wp\/v2\/media?parent=32868"}],"wp:term":[{"taxonomy":"category","embeddable":true,"href":"https:\/\/centralmedia.rs\/index.php\/wp-json\/wp\/v2\/categories?post=32868"},{"taxonomy":"post_tag","embeddable":true,"href":"https:\/\/centralmedia.rs\/index.php\/wp-json\/wp\/v2\/tags?post=32868"}],"curies":[{"name":"wp","href":"https:\/\/api.w.org\/{rel}","templated":true}]}}